{"id":838,"date":"2018-03-08T14:22:16","date_gmt":"2018-03-08T20:22:16","guid":{"rendered":"http:\/\/pablogomez.org\/wordpress1\/?p=838"},"modified":"2018-03-08T14:22:16","modified_gmt":"2018-03-08T20:22:16","slug":"lucha-politica-y-justicia","status":"publish","type":"post","link":"https:\/\/0001xkp.rcomhost.com\/sitio\/2018\/03\/08\/lucha-politica-y-justicia\/","title":{"rendered":"Lucha pol\u00edtica y justicia"},"content":{"rendered":"<p>&nbsp;<\/p>\n<p><strong>Que el candidato ubicado en tercer lugar forme parte de un complot para desbancar al que va en segundo sitio, sin duda es comprensible.<\/strong> El problema reside en los m\u00e9todos aplicados. En M\u00e9xico se vale usar el aparato de justicia para combatir a los adversarios m\u00e1s odiados o m\u00e1s estorbosos, aunque esa conducta siempre haya sido ilegal. Sin embargo, aqu\u00ed, como en cualquier otra parte, esa es una forma infame y condenable de actuaci\u00f3n.<\/p>\n<p>Lo que resulta del todo impr\u00e1ctico es que el aspirante priista, Jos\u00e9 Antonio Meade, diga que es preciso separar la procuraci\u00f3n de justicia del poder pol\u00edtico. \u00bfPor qu\u00e9 lo dice? Parece una iron\u00eda, pues no podr\u00eda considerarse una cr\u00edtica de la manipulaci\u00f3n que ha hecho Enrique Pe\u00f1a de la PGR, la cual siempre ha sido defendida por el priismo. Adem\u00e1s, \u00bfpara qu\u00e9 proponer a estas alturas una reforma declarativa que ya ha sido introducida en la Carta Magna?<\/p>\n<p>El episodio del <em>fiscal carnal<\/em>, cuando Pe\u00f1a quiso dejar a uno de sus amigos en la pr\u00f3xima Fiscal\u00eda General de la Rep\u00fablica, est\u00e1 a\u00fan fresco en el registro pol\u00edtico nacional. Como consecuencia, el pa\u00eds no tiene procurador ni fiscal anticorrupci\u00f3n. La procuraci\u00f3n de justicia se encuentra en un desastre mayor que antes de la reciente reforma de la Carta Magna para otorgarle expresa independencia org\u00e1nica.<\/p>\n<p>Jos\u00e9 Antonio Meade ha hecho su pronunciamiento, de por s\u00ed desfasado, precisamente en el momento en que el gobierno est\u00e1 usando como ariete propagandista \u2013quiz\u00e1 tambi\u00e9n penal\u2014a la Procuradur\u00eda, aprovechando el pueril error cometido por el abanderado del PAN de ir a decirse inocente, sin que nadie lo citara, a aquella guarida del poder pol\u00edtico que es la PGR.<\/p>\n<p>Si el gobierno busca en verdad que su candidato avance al segundo lugar deber\u00eda hacerse a un lado de la lucha electoral, dejarlo solo, porque con su injerencia lo \u00fanico que logra es despojarlo m\u00e1s a\u00fan de credibilidad. Esto tendr\u00eda que incluir lo m\u00e1s dif\u00edcil: cancelar el flujo de dinero hacia el PRI para la compra de votos. Sin embargo, es de suponerse que lo dicho por Enrique Pe\u00f1a sobre este tema s\u00f3lo abarca los <em>dimes<\/em> y los <em>diretes<\/em>, pero no los recursos para la coacci\u00f3n y compra de los tan necesarios sufragios. El PRI no funciona sin mucho dinero. Meade no es excepcional, se sabe, pues ya fue titular de la Secretar\u00eda de Desarrollo Social, la cual opera como central del clientelismo electoral il\u00edcito.<\/p>\n<p>Quien se ha tirado al piso al ser acosado por la PGR es el aspirante panista, Ricardo Anaya. Sin embargo, de pronto, \u00e9l olvid\u00f3 que en 2005 su propio partido, en alianza con el PRI (PRIAN, se dice), organiz\u00f3 desde Los Pinos, Gobernaci\u00f3n y la PGR el desafuero de L\u00f3pez Obrador, con el prop\u00f3sito de someter a \u00e9ste a proceso penal e inhabilitarlo como candidato. Que Vicente Fox, los suyos y sus ansiosos aliados hubieran tenido que echarse atr\u00e1s, s\u00f3lo fue producto de la afortunada combinaci\u00f3n de tres elementos: una movilizaci\u00f3n popular de protesta como no se hab\u00eda visto, la decisi\u00f3n de AMLO de no exhibir fianza e ir a la c\u00e1rcel y el sencillo acuerdo de un juez para regresar el defectuoso expediente a la PGR. El PAN us\u00f3 con fines pol\u00edticos a la Procuradur\u00eda, tal como lo hab\u00eda hecho el PRI y, antes de \u00e9ste, los generales cuando gobernaban el pa\u00eds.<\/p>\n<p>En el cincuentenario del movimiento estudiantil de 1968, no s\u00f3lo hay que condenar la violencia sangrienta sino tambi\u00e9n aquella que consiste en el uso del aparato de justicia para encarcelar a los cr\u00edticos y opositores del r\u00e9gimen. Antes y despu\u00e9s de ese a\u00f1o, muchos movimientos (telegrafistas, telefonistas, maestros, ferrocarrileros, m\u00e9dicos, campesinos, universitarios, entre otros) fueron perseguidos con el uso de la PGR. Bajo instrucciones presidenciales verbales, se emit\u00edan \u00f3rdenes para encarcelar, las cuales a menudo se cumpl\u00edan. El PAN nunca protest\u00f3 porque no se le aplicaba esa perversa utilizaci\u00f3n de la justicia. Las cosas han cambiado pero s\u00f3lo en su grado mas no en su sistema.<\/p>\n<p>No obstante que la Constituci\u00f3n ya define expresamente a la procuraci\u00f3n de justicia como un \u00f3rgano p\u00fablico aut\u00f3nomo (ya lo era aunque s\u00f3lo en la norma), es preciso hacer otras reformas, en especial, romper el punto nodal de la trama con un Presidente de la Rep\u00fablica que respete la independencia del Ministerio P\u00fablico y obligue por v\u00edas pol\u00edticas a los 32 gobernadores a hacer lo mismo. De otra manera no habr\u00e1 muchos avances.<\/p>\n<p>Esto se puede entender mejor si se analiza la g\u00e9nesis del problema. Desde 1917, cuando el Ministerio P\u00fablico fue elevado de rango, la entonces nueva PGR no form\u00f3 parte integrante de la Administraci\u00f3n P\u00fablica, seg\u00fan el art\u00edculo 90 de la Constituci\u00f3n, sino que era formalmente una entidad independiente. Sin embargo, el problema mayor de la reforma propuesta por Venustiano Carranza y aprobada por el Constituyente de Quer\u00e9taro fue que se confiri\u00f3 al Presidente de la Rep\u00fablica la facultad de designar y remover libremente al procurador. Al abolirse la Secretar\u00eda de Justicia en aquel mismo Constituyente, el renovado impulso presidencialista condujo a dejar las cosas en mal estado porque surgi\u00f3 un Ministerio P\u00fablico con enorme poder, pues en lo sucesivo los jueces ya no pudieron hacer investigaciones, las cuales se reservaron al vigoroso procurador, puesto y depuesto por el Se\u00f1or Presidente. Si a esto agregamos la existencia de jueces de consigna, tal como siguen abundando, el pa\u00eds se meti\u00f3, al respecto, en una peor situaci\u00f3n. El Estado de Derecho se convirti\u00f3 en una referencia m\u00e1s que en una realidad y se cocin\u00f3 un inmenso caldo de cultivo de la corrupci\u00f3n. As\u00ed hemos seguido durante 100 a\u00f1os. Es mucho.<\/p>\n<p>\u00bfHasta cu\u00e1ndo?<\/p>\n","protected":false},"excerpt":{"rendered":"<p>&nbsp; Que el candidato ubicado en tercer lugar forme parte de un complot para desbancar al que va en segundo sitio, sin duda es comprensible. El problema reside en los m\u00e9todos aplicados. En M\u00e9xico se vale usar el aparato de justicia para combatir a los adversarios m\u00e1s odiados o m\u00e1s estorbosos, aunque esa conducta siempre [&hellip;]<\/p>\n","protected":false},"author":2,"featured_media":0,"comment_status":"open","ping_status":"closed","sticky":false,"template":"","format":"standard","meta":{"footnotes":""},"categories":[14,28],"tags":[],"class_list":["post-838","post","type-post","status-publish","format-standard","hentry","category-elecciones","category-politica"],"_links":{"self":[{"href":"https:\/\/0001xkp.rcomhost.com\/sitio\/wp-json\/wp\/v2\/posts\/838","targetHints":{"allow":["GET"]}}],"collection":[{"href":"https:\/\/0001xkp.rcomhost.com\/sitio\/wp-json\/wp\/v2\/posts"}],"about":[{"href":"https:\/\/0001xkp.rcomhost.com\/sitio\/wp-json\/wp\/v2\/types\/post"}],"author":[{"embeddable":true,"href":"https:\/\/0001xkp.rcomhost.com\/sitio\/wp-json\/wp\/v2\/users\/2"}],"replies":[{"embeddable":true,"href":"https:\/\/0001xkp.rcomhost.com\/sitio\/wp-json\/wp\/v2\/comments?post=838"}],"version-history":[{"count":0,"href":"https:\/\/0001xkp.rcomhost.com\/sitio\/wp-json\/wp\/v2\/posts\/838\/revisions"}],"wp:attachment":[{"href":"https:\/\/0001xkp.rcomhost.com\/sitio\/wp-json\/wp\/v2\/media?parent=838"}],"wp:term":[{"taxonomy":"category","embeddable":true,"href":"https:\/\/0001xkp.rcomhost.com\/sitio\/wp-json\/wp\/v2\/categories?post=838"},{"taxonomy":"post_tag","embeddable":true,"href":"https:\/\/0001xkp.rcomhost.com\/sitio\/wp-json\/wp\/v2\/tags?post=838"}],"curies":[{"name":"wp","href":"https:\/\/api.w.org\/{rel}","templated":true}]}}