{"id":643,"date":"2017-03-30T11:46:35","date_gmt":"2017-03-30T17:46:35","guid":{"rendered":"http:\/\/pablogomez.org\/wordpress1\/?p=643"},"modified":"2017-03-30T11:46:35","modified_gmt":"2017-03-30T17:46:35","slug":"para-que-quieren-otra-ley-las-fuerzas-armadas","status":"publish","type":"post","link":"https:\/\/0001xkp.rcomhost.com\/sitio\/2017\/03\/30\/para-que-quieren-otra-ley-las-fuerzas-armadas\/","title":{"rendered":"\u00bfPara qu\u00e9 quieren otra ley las fuerzas armadas?"},"content":{"rendered":"<p>(Publicado en El Universal. 30.03.2017)<\/p>\n<p><strong>La propuesta de una nueva ley<\/strong> para las fuerzas armadas, denominada de \u00abseguridad interior\u00bb, promovida por los secretarios de Defensa y Marina, se ha presentado en el momento en que coinciden dos hechos: la llamada guerra contra el narcotr\u00e1fico ha fracasado y, como responsables de la decepci\u00f3n, aparecen las fuerzas armadas, a las cuales se les orden\u00f3 demoler la delincuencia organizada.<\/p>\n<p>\u00bfCu\u00e1l ser\u00eda el prop\u00f3sito de una ley de seguridad interior? Si se admite el fracaso y se est\u00e1n pidiendo nuevas normas ha de ser porque se considera que con las vigentes no es posible tener \u00e9xito, es decir, hay que otorgar a los militares funciones que no les corresponden y que tampoco est\u00e1n permitidas a la polic\u00eda. Esto, en principio, es contrario a la Constituci\u00f3n.<\/p>\n<p>Se busca que en los trabajos de \u00abinteligencia\u00bb se puedan aplicar todas las \u00abmedidas necesarias\u00bb y se quiere tambi\u00e9n que los militares retengan detenidos, hagan investigaciones y, en fin, asuman funciones que tienen a su cargo, en combinaci\u00f3n, la polic\u00eda, la PGR, Gobernaci\u00f3n y los jueces.<\/p>\n<p>Con la nueva ley no se est\u00e1 buscando que el Ej\u00e9rcito y la Armada regresen a los cuarteles, como han dicho algunos generales y almirantes, sino justo lo contrario, se espera que se queden en las calles pero con ilimitadas atribuciones, contrarias a la Constituci\u00f3n y al sistema mundial de los derechos humanos. De eso ya hemos tenido bastante en M\u00e9xico.<\/p>\n<p>Desde 1959, cuando se firm\u00f3 un acuerdo de cooperaci\u00f3n con Estados Unidos en materia de drogas, se meti\u00f3 al Ej\u00e9rcito en la persecuci\u00f3n de la producci\u00f3n de opio y marihuana, y se recibi\u00f3 ayuda de Estados Unidos en armamento y equipo. Luego vino la \u00abOperaci\u00f3n Cooperaci\u00f3n\u00bb de 1969, (D\u00edaz Ordaz) para evitar las medidas unilaterales de EU en los pasos fronterizos. Despu\u00e9s, luego del convenio internacional sobre drogas, se adopt\u00f3 la \u00abOperaci\u00f3n C\u00f3ndor\u00bb en 1971 (Echeverr\u00eda), la cual llev\u00f3 a su sucesor (L\u00f3pez Portillo) a hacer declarar al secretario de Defensa, F\u00e9lix Galv\u00e1n, en 1978, que el narcotr\u00e1fico hab\u00eda sido \u00aberradicado\u00bb en un 95%. Se hab\u00eda \u00abganado\u00bb la \u00abguerra\u00bb, dijeron.<\/p>\n<p>Ya desde los a\u00f1os 60 se denunciaban atropellos de tropas contra poblaci\u00f3n rural, aunque al parecer no tan frecuentemente como ocurri\u00f3 despu\u00e9s, ni se conocieron ejecuciones extrajudiciales como la de Tlatlaya; sucesos como \u00e9ste s\u00f3lo se produjeron por motivos de represi\u00f3n pol\u00edtica (guerra sucia). Tambi\u00e9n se expidi\u00f3 la ley de p\u00e9rdida de derechos agrarios de ejidatarios y comuneros (familias de ellos no importaban) que se dedicaran a la producci\u00f3n de estupefacientes, pero sin tocar a la \u00abpeque\u00f1a\u00bb propiedad. La actitud de las fuerzas encargadas de perseguir al <em>narco<\/em> siempre ha sido muy agresiva y trascendente. Al mismo tiempo, la corrupci\u00f3n no dej\u00f3 fuera a ninguna corporaci\u00f3n aunque sin duda en diferentes intensidades.<\/p>\n<p>\u00bfPara qu\u00e9 se querr\u00eda hoy una ley exclusiva para las fuerzas armadas, despu\u00e9s de 50 a\u00f1os del uso de \u00e9stas en la persecuci\u00f3n de delitos federales? Parece ser que se piensa que el fracaso militar se ha debido a la falta de facultades inconstitucionales de los militares. Mas darle \u00e9stas a los institutos armados es lo m\u00e1s peligroso para cualquier poder civil. Ya de por s\u00ed el Ej\u00e9rcito y la Armada no piden autorizaci\u00f3n para el uso discrecional y desproporcionado de la fuerza letal, mucho menos lo har\u00e1n con una ley que se los autorice.<\/p>\n<p>El debate sobre si la sociedad depende o no de los militares para acabar con la crisis de violencia en el pa\u00eds, creo que est\u00e1 resuelto a la luz del an\u00e1lisis de los \u00faltimos 55 a\u00f1os de narcotr\u00e1fico en M\u00e9xico. Hoy tenemos un problema mayor y una violencia mucho peor que hace dos lustros cuando la vieja \u00abguerra\u00bb se volvi\u00f3 a declarar por parte de Felipe Calder\u00f3n. Hacer discursos sobre el Ejercito y la Armada con halagos excesivos y un tanto rid\u00edculos, propios de una guerra internacional victoriosa, es por lo menos un desacierto. Pero la verdad est\u00e1 a la vista. Tenemos una \u00abguerra\u00bb err\u00f3nea porque enfrentar a la delincuencia organizada mediante una acci\u00f3n b\u00e9lica no puede llevar a la victoria aunque tampoco hay una derrota. Sencilla, pero lamentablemente, tenemos una peor situaci\u00f3n y a un alto costo en vidas, lesiones y angustias.<\/p>\n<p>Hay que cambiar de pol\u00edtica, pero del todo.<\/p>\n","protected":false},"excerpt":{"rendered":"<p>(Publicado en El Universal. 30.03.2017) La propuesta de una nueva ley para las fuerzas armadas, denominada de \u00abseguridad interior\u00bb, promovida por los secretarios de Defensa y Marina, se ha presentado en el momento en que coinciden dos hechos: la llamada guerra contra el narcotr\u00e1fico ha fracasado y, como responsables de la decepci\u00f3n, aparecen las fuerzas [&hellip;]<\/p>\n","protected":false},"author":2,"featured_media":0,"comment_status":"open","ping_status":"closed","sticky":false,"template":"","format":"standard","meta":{"footnotes":""},"categories":[9,10,20,21,26,28,37],"tags":[],"class_list":["post-643","post","type-post","status-publish","format-standard","hentry","category-derechos","category-derechos-humanos","category-leyes","category-lucha-parlamentaria","category-narcotrafico","category-politica","category-violencia"],"_links":{"self":[{"href":"https:\/\/0001xkp.rcomhost.com\/sitio\/wp-json\/wp\/v2\/posts\/643","targetHints":{"allow":["GET"]}}],"collection":[{"href":"https:\/\/0001xkp.rcomhost.com\/sitio\/wp-json\/wp\/v2\/posts"}],"about":[{"href":"https:\/\/0001xkp.rcomhost.com\/sitio\/wp-json\/wp\/v2\/types\/post"}],"author":[{"embeddable":true,"href":"https:\/\/0001xkp.rcomhost.com\/sitio\/wp-json\/wp\/v2\/users\/2"}],"replies":[{"embeddable":true,"href":"https:\/\/0001xkp.rcomhost.com\/sitio\/wp-json\/wp\/v2\/comments?post=643"}],"version-history":[{"count":0,"href":"https:\/\/0001xkp.rcomhost.com\/sitio\/wp-json\/wp\/v2\/posts\/643\/revisions"}],"wp:attachment":[{"href":"https:\/\/0001xkp.rcomhost.com\/sitio\/wp-json\/wp\/v2\/media?parent=643"}],"wp:term":[{"taxonomy":"category","embeddable":true,"href":"https:\/\/0001xkp.rcomhost.com\/sitio\/wp-json\/wp\/v2\/categories?post=643"},{"taxonomy":"post_tag","embeddable":true,"href":"https:\/\/0001xkp.rcomhost.com\/sitio\/wp-json\/wp\/v2\/tags?post=643"}],"curies":[{"name":"wp","href":"https:\/\/api.w.org\/{rel}","templated":true}]}}