{"id":613,"date":"2017-01-19T21:42:17","date_gmt":"2017-01-20T03:42:17","guid":{"rendered":"http:\/\/pablogomez.org\/wordpress1\/?p=613"},"modified":"2017-01-19T21:42:17","modified_gmt":"2017-01-20T03:42:17","slug":"trump-tambien-es-neoliberal","status":"publish","type":"post","link":"https:\/\/0001xkp.rcomhost.com\/sitio\/2017\/01\/19\/trump-tambien-es-neoliberal\/","title":{"rendered":"Trump tambi\u00e9n es neoliberal"},"content":{"rendered":"<p>El nuevo presidente de Estados Unidos postula el mismo molde neoliberal ya conocido: mucho mercado, poco Estado. Lo que adereza Donald Trump es una lista de remedios y remiendos a las concesiones que se les han dado a los tibios defensores del Estado social y a algunas cl\u00e1usulas del comercio libre que han afectado por temporadas tanto al mercado de trabajo industrial como a la masa de ganancia que paga impuestos en Estados Unidos. Por otro lado (eso ser\u00eda un an\u00e1lisis aparte), Trump tambi\u00e9n es portavoz de cr\u00edticas y censuras a la pol\u00edtica exterior de Obama.<\/p>\n<p>El golpe principal que Trump quiere dar consiste en bajar los impuestos a los ingresos medios y altos, aunque el esquema fiscal actual fue producto de una negociaci\u00f3n de Obama con los republicanos, severamente criticada por Bernie Sanders en el Senado el 10 de diciembre de 2010, mediante una c\u00e9lebre intervenci\u00f3n que dur\u00f3 8 horas continuas.<\/p>\n<p>Se supone que el planteamiento fiscal de Trump generar\u00eda una mayor inversi\u00f3n y, con ello, empleo y crecimiento. Lo que no admite el peque\u00f1o grupo de neoliberales reaccionarios del entorno del nuevo presidente es que eso provocar\u00eda aumento de la inflaci\u00f3n, elevaci\u00f3n del r\u00e9dito y mayor d\u00e9ficit fiscal. En realidad, a diferencia de los pa\u00edses pobres, EU no tendr\u00eda porqu\u00e9 crecer a tasas mayores sino mantenerse entre el 2 y el 3% al a\u00f1o, lo que ser\u00eda razonablemente sano.<\/p>\n<p>Veamos porqu\u00e9. Estados Unidos est\u00e1 muy cerca de lo que se considera como pleno empleo. La masa de desocupados no podr\u00eda reducirse mucho porque ya est\u00e1 compuesta en su mayor parte de personas que trabajan una parte del a\u00f1o o que no pueden o no quieren trabajar por muchos motivos; es una sobrepoblaci\u00f3n flotante.<\/p>\n<p>Si Trump consiguiera, como se espera, el apoyo de todo el Partido Republicano para llevar a cabo un gran sacrificio fiscal a costa, naturalmente, del gasto social, los recursos retenidos por los causantes no se trasladar\u00edan a la inversi\u00f3n productiva sino que terminar\u00edan sobrando, lo cual presionar\u00eda los precios a la alza.<\/p>\n<p>Para dar consistencia a su lista de remiendos, Trump presiona para que las grandes compa\u00f1\u00edas manufactureras, tanto estadunidenses como de otros pa\u00edses, que producen en parte para el gran mercado de Estados Unidos, mantengan un alto porcentaje de inversi\u00f3n dentro del territorio de dicho mercado dom\u00e9stico. Trump dice que eso es para defender el empleo industrial que se ha ido pero, como hemos dicho, eso no es tan cierto en tanto que en este momento el pa\u00eds se acerca al pleno empleo agarrado de la gran palanca de los servicios (sector terciario).<\/p>\n<p>Para Trump, el TLC (NAFTA) fue un gran error porque Estados Unidos perdi\u00f3 empleos en tanto que numerosas industrias se establecieron en M\u00e9xico y varias compa\u00f1\u00edas manufactureras de otros pa\u00edses se instalaron al sur para vender su producci\u00f3n en el norte a trav\u00e9s de una \u00abfrontera desordenada\u00bb. Eso tampoco es tan cierto porque la mayor\u00eda de \u00abempleos perdidos\u00bb est\u00e1n en Oriente, en pa\u00edses con los cuales EU no ha tenido tratado arancelario.<\/p>\n<p>Hay algunos neoliberales de ambos pa\u00edses que est\u00e1n de acuerdo con Trump cuando \u00e9ste afirma que, en la negociaci\u00f3n del TLC, los funcionarios mexicanos fueron muy listos y los estadunidenses muy tontos.Pero no se toma en cuenta la desindustrializaci\u00f3n que sufri\u00f3 M\u00e9xico, la sustituci\u00f3n de producci\u00f3n interna por exportaciones, la renuncia al desarrollo de tecnolog\u00eda propia, as\u00ed como varios desastres en el campo mexicano. Es verdad que la balanza comercial de M\u00e9xico con Estados Unidos cambi\u00f3 de sentido, el d\u00e9ficit es ahora del vecino del norte, pero eso no significa un fortalecimiento del mercado interno mexicano ni un desarrollo industrial firmemente anclado en el pa\u00eds: no es la historia de Jap\u00f3n. M\u00e9xico es \u00abpotencia\u00bb manufacturera principalmente como maquilador y ni siquiera ha logrado los progresos de otros pa\u00edses como los \u00abemergentes\u00bb de Oriente: casi no hay nueva tecnolog\u00eda propia, como tampoco marcas mexicanas de m\u00e1quinas ni de <em>software<\/em>. El verdadero dilema para M\u00e9xico no era firmar o no un tratado con Estados Unidos y Canad\u00e1 sino qu\u00e9 clase de acuerdo deb\u00eda ser. Es evidente que no fue el mejor posible porque el gobierno mexicano (Salinas) hab\u00eda impuesto antes la apertura comercial unilateral para tratar de controlar la inflaci\u00f3n: no ten\u00eda ya mucho que negociar.<\/p>\n<p>Trump no est\u00e1 de acuerdo con el TLC porque \u00e9l representa a los industriales estadunidenses que salieron perdiendo, a los fabricantes de \u00abequipos de aire acondicionado\u00bb, por repetir sus propias palabras. Sin embargo, presiona m\u00e1s por ahora a la industria automotriz porque \u00e9sta es m\u00e1s vulnerable y tiene empresas muy grandes. La amenaza propiamente arancelaria suena sin embargo irrisoria pues no existe en Estados Unidos alguna tasa de 35% para miembros de la Organizaci\u00f3n Mundial de Comercio, por lo que un nuevo impuesto de este tipo tendr\u00eda que ser aplicado por EU pr\u00e1cticamente a todo el mundo. BMW, por ejemplo, podr\u00eda exportar sus autos \u00abmexicanos\u00bb de la misma forma que lo hace con los que env\u00eda desde Alemania y de igual manera reducir\u00eda costos. Lo que quiere Trump es obligar a M\u00e9xico a renegociar el TLC, cambiar las reglas de origen y dar capacidad para introducir excepciones, as\u00ed como revisar convenios sobre la no-doble tributaci\u00f3n,\u00a0 entre otros aspectos. Eso ser\u00eda un esquema defensivo para Estados Unidos con el cual la econom\u00eda m\u00e1s peque\u00f1a har\u00eda las concesiones m\u00e1s grandes: la misma historia.<\/p>\n<p>El neoliberalismo no es la plataforma de la econom\u00eda globalizada sino que asume a \u00e9sta como una gran obra del capital financiero internacional al cual expresa doctrinariamente. Los neoliberales pueden volver a los aranceles en determinado momento, tal como los han mantenido con muchas otras econom\u00edas. Una mayor\u00eda brit\u00e1nica despreci\u00f3 a Europa y logr\u00f3 el Brexit pero no ha denunciado al neoliberalismo. Si EU no se pone de acuerdo con la Uni\u00f3n Europea para un tratado es porque no han resuelto sus diferencias, como es obvio, y no porque se quiera obstruir el comercio en general. Hoy tenemos a unos neoliberales que critican la globalizaci\u00f3n en aspectos que les parecen menos ventajosos: son nacionalistas pero no han dejado ser imperialistas.<\/p>\n<p>\u00bfHasta d\u00f3nde ir\u00e1 Trump? \u00c9l no cuenta con un grupo pol\u00edtico bien integrado y organizado. Llegar\u00e1 hasta donde lo dejen Wall Street y la c\u00fapula pol\u00edtica del Partido Republicano.<\/p>\n","protected":false},"excerpt":{"rendered":"<p>El nuevo presidente de Estados Unidos postula el mismo molde neoliberal ya conocido: mucho mercado, poco Estado. Lo que adereza Donald Trump es una lista de remedios y remiendos a las concesiones que se les han dado a los tibios defensores del Estado social y a algunas cl\u00e1usulas del comercio libre que han afectado por [&hellip;]<\/p>\n","protected":false},"author":2,"featured_media":0,"comment_status":"open","ping_status":"closed","sticky":false,"template":"","format":"standard","meta":{"footnotes":""},"categories":[12,17,18,28],"tags":[],"class_list":["post-613","post","type-post","status-publish","format-standard","hentry","category-economia","category-extranjero","category-impuestos","category-politica"],"_links":{"self":[{"href":"https:\/\/0001xkp.rcomhost.com\/sitio\/wp-json\/wp\/v2\/posts\/613","targetHints":{"allow":["GET"]}}],"collection":[{"href":"https:\/\/0001xkp.rcomhost.com\/sitio\/wp-json\/wp\/v2\/posts"}],"about":[{"href":"https:\/\/0001xkp.rcomhost.com\/sitio\/wp-json\/wp\/v2\/types\/post"}],"author":[{"embeddable":true,"href":"https:\/\/0001xkp.rcomhost.com\/sitio\/wp-json\/wp\/v2\/users\/2"}],"replies":[{"embeddable":true,"href":"https:\/\/0001xkp.rcomhost.com\/sitio\/wp-json\/wp\/v2\/comments?post=613"}],"version-history":[{"count":0,"href":"https:\/\/0001xkp.rcomhost.com\/sitio\/wp-json\/wp\/v2\/posts\/613\/revisions"}],"wp:attachment":[{"href":"https:\/\/0001xkp.rcomhost.com\/sitio\/wp-json\/wp\/v2\/media?parent=613"}],"wp:term":[{"taxonomy":"category","embeddable":true,"href":"https:\/\/0001xkp.rcomhost.com\/sitio\/wp-json\/wp\/v2\/categories?post=613"},{"taxonomy":"post_tag","embeddable":true,"href":"https:\/\/0001xkp.rcomhost.com\/sitio\/wp-json\/wp\/v2\/tags?post=613"}],"curies":[{"name":"wp","href":"https:\/\/api.w.org\/{rel}","templated":true}]}}