{"id":587,"date":"2016-11-03T15:11:11","date_gmt":"2016-11-03T21:11:11","guid":{"rendered":"http:\/\/pablogomez.org\/wordpress1\/?p=587"},"modified":"2016-11-03T15:11:11","modified_gmt":"2016-11-03T21:11:11","slug":"pri-y-pan-una-alianza-historica","status":"publish","type":"post","link":"https:\/\/0001xkp.rcomhost.com\/sitio\/2016\/11\/03\/pri-y-pan-una-alianza-historica\/","title":{"rendered":"PRI y PAN, una alianza hist\u00f3rica"},"content":{"rendered":"<p>En ocasi\u00f3n de la ceremonia en la que Enrique Pe\u00f1a Nieto entreg\u00f3 entre otros a Felipe Calder\u00f3n un diploma que otorga el Instituto Tecnol\u00f3gico Aut\u00f3nomo de M\u00e9xico (ITAM), el presidente design\u00f3 a esa instituci\u00f3n que ha cumplido ya los 70 a\u00f1os como \u201cgran ejemplo del modelo educativo que estamos impulsando\u201d, dijo.<\/p>\n<p>La imagen publicada de Pe\u00f1a y Calder\u00f3n en el ITAM nos muestra gr\u00e1ficamente uno de los problemas contempor\u00e1neos del M\u00e9xico actual: la insistente b\u00fasqueda de un sistema bipartidista basado en el programa neoliberal, la cual es encabezada por encumbrados pol\u00edticos y grandes empresarios. As\u00ed como ese instituto, fundado como una de las alternativas de banqueros e industriales frente al entonces joven Instituto Polit\u00e9cnico Nacional, se convirti\u00f3 al neoliberalismo tan luego como \u00e9ste se difundi\u00f3 en el mundo, tanto el PRI como el PAN tambi\u00e9n abrazaron el mismo canon para desmantelar el estatismo mexicano y reivindicar adem\u00e1s el paradigma liberal de los tiempos corrientes, es decir, el uso olig\u00e1rquico del Estado en aras de la privatizaci\u00f3n de funciones eminentemente sociales de administraci\u00f3n solidaria.<\/p>\n<p>La alianza entre el PRI y el PAN se ha llevado a cabo en medio de un conflicto por el ejercicio del poder p\u00fablico, pero eso no quiere decir que aqu\u00e9lla sea inexistente. La pelea por los cargos entre panistas y priistas es continua pero su convergencia en el contenido de la acci\u00f3n de gobierno ha de mantenerse como lo hemos visto desde la segunda mitad de los a\u00f1os ochenta, en especial desde la reestructuraci\u00f3n de la izquierda con motivo del liderazgo de Cuauht\u00e9moc C\u00e1rdenas y la presidencia fraudulenta de Carlos Salinas. Fue justamente en el sexenio 88-94 cuando se perfil\u00f3 con mayor claridad la contradicci\u00f3n entre neoliberalismo y Estado social, mucho m\u00e1s all\u00e1 de las contradicciones del anterior estatismo a la mexicana. Se legaliz\u00f3 entonces la privatizaci\u00f3n de ejidos y bienes comunales, es decir, un nuevo despojo liberal institucionalizado de la tierra por parte de la burgues\u00eda. Hace menos tiempo, ambos partidos votaron por el car\u00e1cter individual de los fondos de pensi\u00f3n y su manejo como negocio privado fabuloso y extraordinario. Desde entonces las cosas han continuado como se pudo apreciar a\u00fan con m\u00e1s nitidez cuando el PRI y el PAN signaron el acuerdo para llevar a cabo la llamada reforma energ\u00e9tica que legaliz\u00f3 las privatizaciones de los hidrocarburos y del servicio p\u00fablico de electricidad, objetivos ambos que hab\u00edan sido grandes obsesiones tanto de pol\u00edticos como de empresarios de tendencia neoliberal, incluyendo naturalmente a las trasnacionales del ramo y a los ide\u00f3logos de la OCDE.<\/p>\n<p>El hecho de que en el transcurso de la aplicaci\u00f3n del programa neoliberal se hayan presentado tropiezos no significa que \u00e9stos hubieran sido producto de contrariedades entre el PRI y el PAN. Por el contrario, siempre estuvieron juntos. Las mayores dificultades de los neoliberales se han presentado en el terreno de la sociedad, no en la esfera interna del Estado. Como ejemplo, el fracaso de la implantaci\u00f3n del sistema de altas cuotas en la educaci\u00f3n superior se debi\u00f3 al movimiento de los estudiantes de la UNAM, los cuales en dos ocasiones derrotaron el proyecto privatizador luego de luchas que conmovieron la conciencia nacional popular mexicana en contra del intento de arrancar el car\u00e1cter social de la ense\u00f1anza y la investigaci\u00f3n cient\u00edfica. Esa derrota del neoliberalismo estuvo a cargo de la izquierda vista en t\u00e9rminos ampliamente sociales. Sin embargo, no cerr\u00f3 el ciclo neoliberal de la pol\u00edtica dominante, como ya lo hemos podido apreciar.<\/p>\n<p>Mas el otro problema es que frente a esas relaciones tan cercanas y solidarias entre los dos grandes partidos neoliberales del pa\u00eds, las izquierdas parecen conmoverse mucho menos. La divisi\u00f3n del PRD, largamente promovida, as\u00ed como la gravedad de la inclemente crisis en ese mismo partido, por un lado, y el liderazgo excluyente de L\u00f3pez Obrador, por el otro, se han convertido en factores que favorecen el proyecto bipartidista neoliberal. Las izquierdas pol\u00edticas y sociales, mientras tanto, parece que no est\u00e1n pensando en reaccionar. Lo que se requiere es una reformulaci\u00f3n de la izquierda como corriente nacional.<\/p>\n<p>S\u00ed, las principales instituciones deben ser enviadas al diablo con el prop\u00f3sito de crear unas nuevas basadas en la democracia, el Estado social y el respeto a la legalidad. S\u00ed, existe una oligarqu\u00eda que domina la esfera pol\u00edtica cuya derrota deber\u00eda ser prioritaria. S\u00ed, las alianzas del PRD con el PAN favorecen el bipartidismo, derr\u00f3tese o no al PRI en cada lance, porque tienden a borrar a la alternativa verdadera que es la izquierda. S\u00ed, todo giro oportunista de las izquierdas pol\u00edticas y sociales es un elemento a favor de la alianza entre el PRI y el PAN porque significa ceder o acercarse a los puntos program\u00e1ticos neoliberales. S\u00ed, el sustento social de esa alianza hist\u00f3rica es la gran burgues\u00eda mexicana y los dos grandes partidos de Estados Unidos, hacia donde la izquierda no deber\u00eda recurrir en busca de convergencias pol\u00edticas por coyunturales que pudieran ser presentadas. S\u00ed. Pero hace falta tambi\u00e9n pavimentar el camino de la unidad de la izquierda para convertir los discursos en realidad al tiempo que se hacen discursos nuevos.<\/p>\n","protected":false},"excerpt":{"rendered":"<p>En ocasi\u00f3n de la ceremonia en la que Enrique Pe\u00f1a Nieto entreg\u00f3 entre otros a Felipe Calder\u00f3n un diploma que otorga el Instituto Tecnol\u00f3gico Aut\u00f3nomo de M\u00e9xico (ITAM), el presidente design\u00f3 a esa instituci\u00f3n que ha cumplido ya los 70 a\u00f1os como \u201cgran ejemplo del modelo educativo que estamos impulsando\u201d, dijo. La imagen publicada de [&hellip;]<\/p>\n","protected":false},"author":2,"featured_media":0,"comment_status":"open","ping_status":"closed","sticky":false,"template":"","format":"standard","meta":{"footnotes":""},"categories":[8,14,19,28],"tags":[],"class_list":["post-587","post","type-post","status-publish","format-standard","hentry","category-democracia","category-elecciones","category-izquierda","category-politica"],"_links":{"self":[{"href":"https:\/\/0001xkp.rcomhost.com\/sitio\/wp-json\/wp\/v2\/posts\/587","targetHints":{"allow":["GET"]}}],"collection":[{"href":"https:\/\/0001xkp.rcomhost.com\/sitio\/wp-json\/wp\/v2\/posts"}],"about":[{"href":"https:\/\/0001xkp.rcomhost.com\/sitio\/wp-json\/wp\/v2\/types\/post"}],"author":[{"embeddable":true,"href":"https:\/\/0001xkp.rcomhost.com\/sitio\/wp-json\/wp\/v2\/users\/2"}],"replies":[{"embeddable":true,"href":"https:\/\/0001xkp.rcomhost.com\/sitio\/wp-json\/wp\/v2\/comments?post=587"}],"version-history":[{"count":0,"href":"https:\/\/0001xkp.rcomhost.com\/sitio\/wp-json\/wp\/v2\/posts\/587\/revisions"}],"wp:attachment":[{"href":"https:\/\/0001xkp.rcomhost.com\/sitio\/wp-json\/wp\/v2\/media?parent=587"}],"wp:term":[{"taxonomy":"category","embeddable":true,"href":"https:\/\/0001xkp.rcomhost.com\/sitio\/wp-json\/wp\/v2\/categories?post=587"},{"taxonomy":"post_tag","embeddable":true,"href":"https:\/\/0001xkp.rcomhost.com\/sitio\/wp-json\/wp\/v2\/tags?post=587"}],"curies":[{"name":"wp","href":"https:\/\/api.w.org\/{rel}","templated":true}]}}