{"id":551,"date":"2016-07-28T19:13:44","date_gmt":"2016-07-29T00:13:44","guid":{"rendered":"http:\/\/pablogomez.org\/wordpress1\/?p=551"},"modified":"2016-07-28T19:13:44","modified_gmt":"2016-07-29T00:13:44","slug":"la-unidad-para-que","status":"publish","type":"post","link":"https:\/\/0001xkp.rcomhost.com\/sitio\/2016\/07\/28\/la-unidad-para-que\/","title":{"rendered":"La unidad, \u00bfpara qu\u00e9?"},"content":{"rendered":"<p>El presente art\u00edculo lleva el mismo t\u00edtulo del que public\u00f3 Roger Bartra en el diario <em>Reforma<\/em> el martes 26 de julio. Este soci\u00f3logo sostiene que la unidad de la izquierda es un mito y una obsesi\u00f3n. Concluye en que \u201cm\u00e1s sano ser\u00eda que se mantuviese dividida\u201d.<\/p>\n<p>Para Roger Bartra las tendencias de izquierda son dos: reformista y populista, cuya unidad, dice, \u201cbloquear\u00eda la posibilidad\u201d de que una y otra \u201calcanzasen un perfil propio acorde con sus bases sociales\u201d.<\/p>\n<p>Si se quiere analizar a la izquierda mexicana tendr\u00eda que admitirse que hoy toda ella es <em>reformista<\/em>, tanto porque la izquierda en el mundo se encuentra lesionada en sus aspiraciones m\u00e1s transformadoras cuanto porque ese mismo mundo est\u00e1 ayuno de revoluciones. Asimismo, toda ella es tambi\u00e9n <em>populista<\/em> en alguna forma porque al menos en Am\u00e9rica Latina lo m\u00e1s urgente es redistribuir el ingreso. La diferencia entre supuestos \u201creformistas\u201d y \u201cpopulistas\u201d tendr\u00eda que buscarse en otro lado, especialmente en lo de siempre: el oportunismo.<\/p>\n<p>Aceptar cualquier clase de moment\u00e1nea ventaja pol\u00edtica en cada oportunidad (muchas veces s\u00f3lo de car\u00e1cter personal) a cambio de renunciar al de por s\u00ed precario programa democr\u00e1tico y social es algo tan viejo como la izquierda misma a partir de 1789, es lo que m\u00e1s se ha registrado en la historia de esta tendencia. Pero ya se ha visto que si la circunstancia no es propicia para defender intereses socialmente propios, entonces no sirve para nada \u00fatil, es un mal momento. En este terreno se ha entablado otra vez en M\u00e9xico una disputa silenciosa pero aderezada con algo m\u00e1s fuerte y no tan mudo: la p\u00e9rdida de independencia del PRD. Al carecer de decisi\u00f3n propia un partido se degrada a la categor\u00eda de grupo de presi\u00f3n, deja de ser partido y, de tal forma, renuncia a cualquier plan de poder. El PRD sigue cursando con prisa ese lacerante proceso.<\/p>\n<p>El debate se encuentra como casi siempre en un plano pragm\u00e1tico. La unidad de la izquierda no ser\u00eda ahora lo que fue durante 25 a\u00f1os en M\u00e9xico, es decir, una realidad org\u00e1nica, extraordinaria y asombrosa, la cual era cualquier cosa menos un mito o una obsesi\u00f3n. Hoy, la unidad de acci\u00f3n entre las izquierdas servir\u00eda para elaborar un plan de poder.<\/p>\n<p>Veamos lo que ha ocurrido. La alianza electoral con el PAN no pudo ser en el a\u00f1o 2000. En aquella coyuntura Fox rehus\u00f3 el pacto democr\u00e1tico pero logr\u00f3 la Presidencia con el solo apoyo de su partido. Luego, ese gobierno fracas\u00f3 en su principal materia, la lucha contra la corrupci\u00f3n, pues se corrompi\u00f3. Seis a\u00f1os despu\u00e9s, la izquierda (unida aunque moleste) se ubic\u00f3 oficialmente a 0.56% de la Presidencia, es decir, la mitad de este porcentaje m\u00e1s un voto, a pesar del apoyo de una parte del PRI al candidato panista: era mejor el PAN y Calder\u00f3n que el PRD y L\u00f3pez Obrador. Esta es historia pero es presente.<\/p>\n<p>Desde hace ya alg\u00fan tiempo se ha visto que los <em>gobiernos aliancistas<\/em> derecha-izquierda colocan con frecuencia al PRD fuera de la realidad pol\u00edtica, es decir, este partido deja de ser oposici\u00f3n pero tampoco se ubica en el gobierno. Desde hace menos tiempo se ha visto que cuando al PRD le corresponde designar al candidato aliancista a gobernador, entonces se divide en dos candidaturas, que se convierten en tres por el concurso de Morena, y al final la alianza pierde frente al PRI. El com\u00fan denominador de todo esto es que el PRD siempre se divide en alguna medida cuando acude a sus citas con Acci\u00f3n Nacional. De seguir por ese camino no quedar\u00e1 nadie para apagar la luz.<\/p>\n<p>Est\u00e1 visto que las alianzas con el PAN suelen traducirse en fracasos del PRI, pero el papel de la izquierda no es escoger a su derecha sino sustituir a ambas en el gobierno aunque para ello, en ciertas circunstancias, se haga necesario acercarse a una de ellas, la que no sea PRI por razones hist\u00f3ricas. Sin embargo, el debate se encuentra en la t\u00e1ctica para alcanzar aquel objetivo sin hacer el juego a ninguno de los dos partidos derechistas, los cuales est\u00e1n aliados casi en todo pero nunca en las elecciones.<\/p>\n<p>La izquierda no iba mal hasta que el PRD se escindi\u00f3. De uno se hicieron dos pero, adem\u00e1s, sus respectivos dirigentes empezaron el infructuoso camino de los denuestos con el entusiasta aplauso de dirigentes panistas y priistas.<\/p>\n<p>Lo que le falta a Morena es una actitud unitaria hacia la otra izquierda, un abandono de su pretensi\u00f3n exclusivista y, tambi\u00e9n, algo m\u00e1s de programa democr\u00e1tico y social as\u00ed como la reivindicaci\u00f3n de libertades. Lo que le falta al PRD es una nueva direcci\u00f3n que reconquiste su propia independencia, renuncie al oportunismo y levante la bandera de la lucha a favor del Estado democr\u00e1tico y social de derecho, base fundamental de la unidad de la izquierda bajo cualquier modalidad.<\/p>\n<p>No se trata de \u201ccultura progresista\u201d ni de \u201cideas frescas\u201d, como se\u00f1ala Bartra, quien no se toma el menor tiempo en definir sus muy propios e inesperados paradigmas, sino de algo pragm\u00e1tico: c\u00f3mo llegar al gobierno con el programa de la izquierda, el cual no ha de verse viejo por no ser \u201cfresco\u201d sino que es actual por no haber sido superado. D\u00edgase lo que se diga, eso es m\u00e1s dif\u00edcil con una izquierda dispersa, con \u201cfrescura\u201d o sin ella. Quienes renuncian a la unidad de acci\u00f3n de las izquierdas carecen de un plan de poder, no est\u00e1n en la lucha por gobernar sino en el mercado de la pol\u00edtica. Esta diferencia no es una sutileza. Para dirimirla positivamente se requiere a corto plazo la alianza electoral de los partidos de izquierda.<\/p>\n","protected":false},"excerpt":{"rendered":"<p>El presente art\u00edculo lleva el mismo t\u00edtulo del que public\u00f3 Roger Bartra en el diario Reforma el martes 26 de julio. Este soci\u00f3logo sostiene que la unidad de la izquierda es un mito y una obsesi\u00f3n. Concluye en que \u201cm\u00e1s sano ser\u00eda que se mantuviese dividida\u201d. Para Roger Bartra las tendencias de izquierda son dos: [&hellip;]<\/p>\n","protected":false},"author":2,"featured_media":0,"comment_status":"open","ping_status":"closed","sticky":false,"template":"","format":"standard","meta":{"footnotes":""},"categories":[19,28],"tags":[],"class_list":["post-551","post","type-post","status-publish","format-standard","hentry","category-izquierda","category-politica"],"_links":{"self":[{"href":"https:\/\/0001xkp.rcomhost.com\/sitio\/wp-json\/wp\/v2\/posts\/551","targetHints":{"allow":["GET"]}}],"collection":[{"href":"https:\/\/0001xkp.rcomhost.com\/sitio\/wp-json\/wp\/v2\/posts"}],"about":[{"href":"https:\/\/0001xkp.rcomhost.com\/sitio\/wp-json\/wp\/v2\/types\/post"}],"author":[{"embeddable":true,"href":"https:\/\/0001xkp.rcomhost.com\/sitio\/wp-json\/wp\/v2\/users\/2"}],"replies":[{"embeddable":true,"href":"https:\/\/0001xkp.rcomhost.com\/sitio\/wp-json\/wp\/v2\/comments?post=551"}],"version-history":[{"count":0,"href":"https:\/\/0001xkp.rcomhost.com\/sitio\/wp-json\/wp\/v2\/posts\/551\/revisions"}],"wp:attachment":[{"href":"https:\/\/0001xkp.rcomhost.com\/sitio\/wp-json\/wp\/v2\/media?parent=551"}],"wp:term":[{"taxonomy":"category","embeddable":true,"href":"https:\/\/0001xkp.rcomhost.com\/sitio\/wp-json\/wp\/v2\/categories?post=551"},{"taxonomy":"post_tag","embeddable":true,"href":"https:\/\/0001xkp.rcomhost.com\/sitio\/wp-json\/wp\/v2\/tags?post=551"}],"curies":[{"name":"wp","href":"https:\/\/api.w.org\/{rel}","templated":true}]}}