{"id":542,"date":"2016-07-19T11:22:18","date_gmt":"2016-07-19T16:22:18","guid":{"rendered":"http:\/\/pablogomez.org\/wordpress1\/?p=542"},"modified":"2016-07-19T11:22:18","modified_gmt":"2016-07-19T16:22:18","slug":"renuncia-de-pablo-gomez-como-representante-del-prd","status":"publish","type":"post","link":"https:\/\/0001xkp.rcomhost.com\/sitio\/2016\/07\/19\/renuncia-de-pablo-gomez-como-representante-del-prd\/","title":{"rendered":"RENUNCIA DE PABLO G\u00d3MEZ COMO REPRESENTANTE DEL PRD"},"content":{"rendered":"<p><em>18 de julio de 2016.<\/em><\/p>\n<p><strong>C. ALEJANDRA BARRALES,\u00a0<\/strong>presidenta nacional interina del Partido de la Revoluci\u00f3n Democr\u00e1tica.<\/p>\n<p><strong>CC. MIEMBROS DEL COMIT\u00c9 EJECUTIVO NACIONAL DEL\u00a0<\/strong><strong>PARTIDO DE LA REVOLUCI\u00d3N DEMOCR\u00c1TICA.<\/strong><\/p>\n<p>C I U D A D.<\/p>\n<p>Por medio de esta comunicaci\u00f3n presento al Comit\u00e9 Ejecutivo Nacional del Partido de la Revoluci\u00f3n Democr\u00e1tica mi renuncia espont\u00e1nea al cargo de Representante ante el Consejo General del Instituto Nacional Electoral que desempe\u00f1\u00e9 desde el 10 de noviembre de 2014 por designaci\u00f3n de dicho Comit\u00e9.<\/p>\n<p>El motivo de esta renuncia es la incompatibilidad que aprecio entre el car\u00e1cter independiente de la pol\u00edtica aplicada hasta ahora por el Partido en el Instituto Nacional Electoral, apegada a los principios y el programa del PRD, por una parte, \u00a0y la situaci\u00f3n en la que se encuentra Alejandra Barrales, quien encabeza al Comit\u00e9 Ejecutivo Nacional y al Partido pero sin la menor independencia pol\u00edtica pues su circunstancia obedece a un poder ajeno al Partido e imbricado adem\u00e1s con otros poderes no s\u00f3lo tambi\u00e9n ajenos sino adversarios pol\u00edticos del PRD. Como ser\u00e1 inevitable que en el ejercicio cotidiano de la Presidencia del Partido se asuman decisiones que impacten en los muchos asuntos que se ventilan tambi\u00e9n cotidianamente en el Instituto Nacional Electoral y en los organismos locales electorales, as\u00ed como en los tribunales, yo no podr\u00eda representar a la presidenta nacional del Partido ni acompa\u00f1arla en acciones decididas desde afuera, al margen o en contra del Partido de la Revoluci\u00f3n Democr\u00e1tica.<\/p>\n<p>Es indispensable aclarar que mi renuncia no es una respuesta al hecho de haber sido infructuosamente propuesto por algunos compa\u00f1eros y compa\u00f1eras para el cargo de presidente nacional, sino al ins\u00f3lito y funesto hecho de que pol\u00edticos empoderados decidan qui\u00e9n debe ocupar la Presidencia del Partido y al vergonzoso acontecimiento de que una amplia mayor\u00eda del Consejo Nacional lo haya admitido sabiendo las consecuencias que traer\u00e1 la operaci\u00f3n de una direcci\u00f3n ajena al partido mismo. Como todos sabemos, Alejandra Barrales fue se\u00f1alada por el jefe de gobierno de la Ciudad de M\u00e9xico, Miguel \u00c1ngel Mancera, como la persona que deb\u00eda ocupar el cargo de presidenta, por lo cual no estamos frente a la libre elecci\u00f3n de una persona hasta entonces alta funcionaria p\u00fablica sino ante una imposici\u00f3n desde fuera del Partido, ante una decisi\u00f3n de car\u00e1cter gubernamental, un m\u00e9todo priista por excelencia. Si yo no hubiera sido propuesto para el cargo de presidente del Partido en el reciente pleno del Consejo Nacional, de todas formas no podr\u00eda representar <em>de facto<\/em> al gobierno de la Ciudad de M\u00e9xico ante el Instituto Nacional Electoral porque esa representaci\u00f3n no corresponde a una instancia de gobierno sino a un partido de izquierda que debiera ser independiente de todos los gobiernos, a\u00fan de aquellos que se conformaron gracias al apoyo electoral del PRD.<\/p>\n<p>Todos sabemos &#8211;yo lo he destacado muchas veces&#8211; que el PRD ha venido perdiendo independencia pol\u00edtica debido a los oscuros acuerdos que sus grupos internos hacen por su cuenta con pol\u00edticos poderosos.\u00a0 Ese nefasto proceso ha conducido a un punto en el que la Presidencia del Partido est\u00e1 ya f\u00edsicamente ubicada afuera del partido mismo. Espero que miembros del Comit\u00e9 Ejecutivo Nacional puedan hacer algo para eliminar ese fen\u00f3meno tan nocivo para el PRD, la izquierda y el pa\u00eds. No tengo muchas esperanzas al respecto pero cumplo con compartir leg\u00edtimos y buenos deseos.<\/p>\n<p>Agradezco por otro lado a quienes depositaron confianza en m\u00ed para representar al Partido de la Revoluci\u00f3n Democr\u00e1tica en el Instituto Nacional Electoral. Sigo como siempre abierto a la cr\u00edtica de mi gesti\u00f3n. De manera especial agradezco a Agust\u00edn Basave y a Beatriz Mojica, a\u00a0 la saz\u00f3n presidente y secretaria general, por el apoyo a la publicaci\u00f3n del <em>Libro Negro. La elecci\u00f3n de 2015 y sus autoridades<\/em>, el cual es un balance de gran parte de nuestra gesti\u00f3n y una documentada cr\u00edtica militante y democr\u00e1tica de las instituciones electorales del pa\u00eds.<\/p>\n<p style=\"text-align: center;\">Atentamente,<\/p>\n<p style=\"text-align: center;\">Pablo G\u00f3mez<\/p>\n","protected":false},"excerpt":{"rendered":"<p>18 de julio de 2016. C. ALEJANDRA BARRALES,\u00a0presidenta nacional interina del Partido de la Revoluci\u00f3n Democr\u00e1tica. CC. MIEMBROS DEL COMIT\u00c9 EJECUTIVO NACIONAL DEL\u00a0PARTIDO DE LA REVOLUCI\u00d3N DEMOCR\u00c1TICA. C I U D A D. Por medio de esta comunicaci\u00f3n presento al Comit\u00e9 Ejecutivo Nacional del Partido de la Revoluci\u00f3n Democr\u00e1tica mi renuncia espont\u00e1nea al cargo de [&hellip;]<\/p>\n","protected":false},"author":2,"featured_media":0,"comment_status":"open","ping_status":"closed","sticky":false,"template":"","format":"standard","meta":{"footnotes":""},"categories":[28],"tags":[],"class_list":["post-542","post","type-post","status-publish","format-standard","hentry","category-politica"],"_links":{"self":[{"href":"https:\/\/0001xkp.rcomhost.com\/sitio\/wp-json\/wp\/v2\/posts\/542","targetHints":{"allow":["GET"]}}],"collection":[{"href":"https:\/\/0001xkp.rcomhost.com\/sitio\/wp-json\/wp\/v2\/posts"}],"about":[{"href":"https:\/\/0001xkp.rcomhost.com\/sitio\/wp-json\/wp\/v2\/types\/post"}],"author":[{"embeddable":true,"href":"https:\/\/0001xkp.rcomhost.com\/sitio\/wp-json\/wp\/v2\/users\/2"}],"replies":[{"embeddable":true,"href":"https:\/\/0001xkp.rcomhost.com\/sitio\/wp-json\/wp\/v2\/comments?post=542"}],"version-history":[{"count":0,"href":"https:\/\/0001xkp.rcomhost.com\/sitio\/wp-json\/wp\/v2\/posts\/542\/revisions"}],"wp:attachment":[{"href":"https:\/\/0001xkp.rcomhost.com\/sitio\/wp-json\/wp\/v2\/media?parent=542"}],"wp:term":[{"taxonomy":"category","embeddable":true,"href":"https:\/\/0001xkp.rcomhost.com\/sitio\/wp-json\/wp\/v2\/categories?post=542"},{"taxonomy":"post_tag","embeddable":true,"href":"https:\/\/0001xkp.rcomhost.com\/sitio\/wp-json\/wp\/v2\/tags?post=542"}],"curies":[{"name":"wp","href":"https:\/\/api.w.org\/{rel}","templated":true}]}}