{"id":54,"date":"2014-02-07T12:31:56","date_gmt":"2014-02-07T18:31:56","guid":{"rendered":"http:\/\/pablogomez.org\/wordpress1\/?p=54"},"modified":"2014-02-07T12:31:56","modified_gmt":"2014-02-07T18:31:56","slug":"no-todos-tenemos-los-mismos-derechos","status":"publish","type":"post","link":"https:\/\/0001xkp.rcomhost.com\/sitio\/2014\/02\/07\/no-todos-tenemos-los-mismos-derechos\/","title":{"rendered":"No todos tenemos los mismos derechos"},"content":{"rendered":"<p style=\"color: #333333;\">Uno de los puntos donde se ve m\u00e1s claro que no todos tenemos los mismos derechos es el de la libertad de expresi\u00f3n. Quien cuenta con un medio audiovisual, radiof\u00f3nico o impreso llega a m\u00e1s gente a pesar de las modernas redes sociales que tienden a emparejarnos. No se trata s\u00f3lo de espect\u00e1culos, comedias y filmes, sino de la manifestaci\u00f3n de ideas en general:\u00a0<em>el que tiene mejores medios llega a m\u00e1s cerebros<\/em>.<\/p>\n<p style=\"color: #333333;\">En la reciente reforma constitucional en materia de telecomunicaciones se incluy\u00f3 la creaci\u00f3n de tres nuevas redes nacionales de televisi\u00f3n: una p\u00fablica y dos comerciales. Se trata de una apertura frente al duopolio (dos grandes empresas) que hace gran negocio bajo concesiones de un bien de dominio p\u00fablico. Sin embargo, de esas tres nuevas cadenas s\u00f3lo una de ellas podr\u00eda significar un cambio en materia de libertad de expresi\u00f3n: la televisi\u00f3n p\u00fablica si acaso \u00e9sta fuera, como se ha prescrito, un organismo de Estado.<\/p>\n<p style=\"color: #333333;\">M\u00e9xico es uno de los pa\u00edses donde la televisi\u00f3n p\u00fablica es m\u00e1s escasa (Estados Unidos es el extremo, aunque con mayor concurrencia privada) y, por tanto, reinan las dos grandes empresas privadas concesionarias. Los pobres canales p\u00fablicos, como el Once, el 22 y otros de los estados, abarcan muy poco y en su mayor\u00eda son medios de gobierno, aunque a veces algo menos cerrados. Lo que se requiere con urgencia es un nuevo canal nacional p\u00fablico donde se expresen las corrientes pol\u00edticas y culturales del pa\u00eds.<\/p>\n<p style=\"color: #333333;\">Como parte del paquete de ordenamientos secundarios es indispensable expedir una ley org\u00e1nica del sistema p\u00fablico de radio y televisi\u00f3n de la Federaci\u00f3n y otra ley general para las emisoras de los estados con excepci\u00f3n de las asignadas a las universidades aut\u00f3nomas.<\/p>\n<p style=\"color: #333333;\">En materia de periodismo las cosas son m\u00e1s complicadas porque, para que tenga amplia cobertura, un noticiero de tv requiere un gasto alto que hoy es sufragado con el patrocinio privado y gubernamental en emisoras comerciales. En los canales p\u00fablicos el financiamiento es del Estado, por lo cual se precisar\u00edan fuertes presupuestos y, claro, la prohibici\u00f3n efectiva de que los \u00f3rganos estatales paguen directamente propaganda en cualquier medio y, por tanto, se limiten a los tiempos oficiales y a los anuncios institucionales en la prensa.<\/p>\n<p style=\"color: #333333;\">La reforma de telecomunicaciones vino despu\u00e9s de la que proh\u00edbe la publicidad personalizada de los servidores p\u00fablicos, la cual es una de las m\u00e1s violadas. Pero las trasgresiones a la Constituci\u00f3n no s\u00f3lo las realizan los anunciantes \u2014pol\u00edticos con poder y dinero del presupuesto\u2014, sino tambi\u00e9n los peri\u00f3dicos y las estaciones de radio y televisi\u00f3n, ya que los medios se niegan a admitir que publican gacetillas, es decir, anuncios en forma de noticias. Junto con las leyes secundarias de telecomunicaciones, deber\u00edan expedirse las normas sobre propagada oficial, ya que \u00e9sta es una de las formas a trav\u00e9s de las cuales la libertad de expresi\u00f3n es m\u00e1s desigual.<\/p>\n<p style=\"color: #333333;\">En conclusi\u00f3n, una amplia reforma de las normas de radio y televisi\u00f3n y la expedici\u00f3n de la ley reglamentaria de la prohibici\u00f3n constitucional del uso de recursos p\u00fablicos para hacer propaganda de los gobernantes son tareas democr\u00e1ticas y de justicia en general. Tendr\u00e1n desarrollo las redes sociales y los medios de paga, pero en M\u00e9xico s\u00ed se requiere un gran ajuste para abrir espacios de amplio acceso. Estos cambios debieron hacerse hace m\u00e1s de 30 a\u00f1os. Hemos perdido mucho tiempo, pero eso no debe llevarnos a dejar las cosas como hasta ahora.<\/p>\n","protected":false},"excerpt":{"rendered":"<p>Uno de los puntos donde se ve m\u00e1s claro que no todos tenemos los mismos derechos es el de la libertad de expresi\u00f3n. Quien cuenta con un medio audiovisual, radiof\u00f3nico o impreso llega a m\u00e1s gente a pesar de las modernas redes sociales que tienden a emparejarnos. No se trata s\u00f3lo de espect\u00e1culos, comedias y [&hellip;]<\/p>\n","protected":false},"author":2,"featured_media":0,"comment_status":"closed","ping_status":"closed","sticky":false,"template":"","format":"standard","meta":{"footnotes":""},"categories":[20,22],"tags":[],"class_list":["post-54","post","type-post","status-publish","format-standard","hentry","category-leyes","category-medios"],"_links":{"self":[{"href":"https:\/\/0001xkp.rcomhost.com\/sitio\/wp-json\/wp\/v2\/posts\/54","targetHints":{"allow":["GET"]}}],"collection":[{"href":"https:\/\/0001xkp.rcomhost.com\/sitio\/wp-json\/wp\/v2\/posts"}],"about":[{"href":"https:\/\/0001xkp.rcomhost.com\/sitio\/wp-json\/wp\/v2\/types\/post"}],"author":[{"embeddable":true,"href":"https:\/\/0001xkp.rcomhost.com\/sitio\/wp-json\/wp\/v2\/users\/2"}],"replies":[{"embeddable":true,"href":"https:\/\/0001xkp.rcomhost.com\/sitio\/wp-json\/wp\/v2\/comments?post=54"}],"version-history":[{"count":0,"href":"https:\/\/0001xkp.rcomhost.com\/sitio\/wp-json\/wp\/v2\/posts\/54\/revisions"}],"wp:attachment":[{"href":"https:\/\/0001xkp.rcomhost.com\/sitio\/wp-json\/wp\/v2\/media?parent=54"}],"wp:term":[{"taxonomy":"category","embeddable":true,"href":"https:\/\/0001xkp.rcomhost.com\/sitio\/wp-json\/wp\/v2\/categories?post=54"},{"taxonomy":"post_tag","embeddable":true,"href":"https:\/\/0001xkp.rcomhost.com\/sitio\/wp-json\/wp\/v2\/tags?post=54"}],"curies":[{"name":"wp","href":"https:\/\/api.w.org\/{rel}","templated":true}]}}