{"id":499,"date":"2016-04-21T14:10:00","date_gmt":"2016-04-21T19:10:00","guid":{"rendered":"http:\/\/pablogomez.org\/wordpress1\/?p=499"},"modified":"2016-04-21T14:10:00","modified_gmt":"2016-04-21T19:10:00","slug":"tortura-peores-escenarios","status":"publish","type":"post","link":"https:\/\/0001xkp.rcomhost.com\/sitio\/2016\/04\/21\/tortura-peores-escenarios\/","title":{"rendered":"Tortura: \u00bfpeores escenarios?"},"content":{"rendered":"<p>A prop\u00f3sito del esc\u00e1ndalo desatado por el video de una mujer torturada en Guerrero, el subsecretario para asuntos de derechos humanos, Roberto Campa, dijo que la tortura no se justifica en ning\u00fan caso, ni siquiera en los peores escenarios. Pero es que ya estamos en uno de los peores escenarios.<\/p>\n<p>Luego de que el informe anual del Departamento de Estado norteamericano se\u00f1alara que en M\u00e9xico se siguen produciendo graves violaciones de derechos, la revelaci\u00f3n de la tortura de Ajuchitl\u00e1n en contra de Elvira Santib\u00e1\u00f1ez, por parte de dos militares y tres agentes de la Polic\u00eda Federal, gener\u00f3 de s\u00fabito el ofrecimiento de disculpas del general secretario de la Defensa y del jefe de la Comisi\u00f3n Nacional de Seguridad, pero el uno y el otro no hicieron un an\u00e1lisis sino s\u00f3lo asumieron una posici\u00f3n. Las disculpas ofrecidas no han sido aceptadas.<\/p>\n<p>Los dos militares presuntos torturadores s\u00f3lo est\u00e1n acusados de desobediencia en el Ej\u00e9rcito porque la PGR no mueve un dedo, como de costumbre. Es quiz\u00e1 una exageraci\u00f3n decir que en M\u00e9xico no hemos tenido Ministerio P\u00fablico, pero es del todo justificado afirmarlo mientras no se demuestre lo contrario.<\/p>\n<p>La tortura y muerte de detenidos no es pr\u00e1ctica inusitada de \u201cunos cuantos\u201d. Eso lo dice entre otros uno de los azuzadores period\u00edsticos de la intolerancia y la represi\u00f3n, Carlos Mar\u00edn. La tortura como m\u00e9todo de investigaci\u00f3n en M\u00e9xico es m\u00e1s vieja que el general y el jefe de la polic\u00eda que la han condenado en sus discursos.<\/p>\n<p>Es tambi\u00e9n una necedad suponer que la intervenci\u00f3n de los militares en tareas de polic\u00eda explica la pr\u00e1ctica de la tortura en el Ej\u00e9rcito. Algunos lo han expuesto as\u00ed s\u00f3lo para vincularla con la \u201cguerra\u201d contra el narcotr\u00e1fico que se busca justificar.<\/p>\n<p>La tortura ha sido inveterada pr\u00e1ctica de la autoridad civil y de la militar. Lo fue en las represiones de los a\u00f1os cincuenta, sesenta, setenta y siempre vuelve a asomar. Guti\u00e9rrez Barrios, jefe de la seguridad del Estado, era el mayor organizador de la tortura en el pa\u00eds pero en Tlaxcoaque, sede de la polic\u00eda capitalina, hab\u00eda c\u00e1maras de tortura contra detenidos comunes y pol\u00edticos por igual. Ah\u00ed torturaron y mataron a Hilario Moreno, militante comunista, y muchos otros sufrieron. Jefes y oficiales en el Ej\u00e9rcito tambi\u00e9n hac\u00edan lo suyo, solos o en compa\u00f1\u00eda de los brutales agentes civiles de la entonces Direcci\u00f3n Federal de Seguridad, como ocurre ahora con las \u201coperaciones mixtas\u201d.<\/p>\n<p>En los \u00faltimos cuatro a\u00f1os han recuperado su libertad 100 personas que lograron acreditar que fueron torturadas luego de su detenci\u00f3n. Es muy dif\u00edcil probar la tortura en un juzgado y mucho m\u00e1s ante el Ministerio P\u00fablico: hay miles de denuncias pero no hay miles de procesados. Nada puede justificar que se torture por m\u00e1s vueltas que se le quiera dar al asunto pero tampoco se puede suponer que se trata de algo ins\u00f3lito. Y m\u00e1s all\u00e1 de la tortura, habr\u00eda que refrescar la memoria de Roberto Campa con un \u201cescenario peor\u201d que fue el crimen de Tlatlaya entre otros.<\/p>\n<p>Hace m\u00e1s de dos d\u00e9cadas (1991) que se expidi\u00f3 la ley contra la tortura bajo la recurrente idea falsa de que promulgar una norma implica resolver un problema. Hoy, dos discursos, m\u00e1s el de Roberto Campa, tampoco har\u00e1n que la tortura sea eliminada. El problema, como otros, amerita un aut\u00e9ntico cambio de r\u00e9gimen. Mientras, hay que seguir luchando contra la tortura y dem\u00e1s violaciones de derechos fundamentales sin miedo a ser sometido a la insolente acusaci\u00f3n de inconforme irracional.<\/p>\n","protected":false},"excerpt":{"rendered":"<p>A prop\u00f3sito del esc\u00e1ndalo desatado por el video de una mujer torturada en Guerrero, el subsecretario para asuntos de derechos humanos, Roberto Campa, dijo que la tortura no se justifica en ning\u00fan caso, ni siquiera en los peores escenarios. Pero es que ya estamos en uno de los peores escenarios. Luego de que el informe [&hellip;]<\/p>\n","protected":false},"author":2,"featured_media":0,"comment_status":"open","ping_status":"closed","sticky":false,"template":"","format":"standard","meta":{"footnotes":""},"categories":[28],"tags":[],"class_list":["post-499","post","type-post","status-publish","format-standard","hentry","category-politica"],"_links":{"self":[{"href":"https:\/\/0001xkp.rcomhost.com\/sitio\/wp-json\/wp\/v2\/posts\/499","targetHints":{"allow":["GET"]}}],"collection":[{"href":"https:\/\/0001xkp.rcomhost.com\/sitio\/wp-json\/wp\/v2\/posts"}],"about":[{"href":"https:\/\/0001xkp.rcomhost.com\/sitio\/wp-json\/wp\/v2\/types\/post"}],"author":[{"embeddable":true,"href":"https:\/\/0001xkp.rcomhost.com\/sitio\/wp-json\/wp\/v2\/users\/2"}],"replies":[{"embeddable":true,"href":"https:\/\/0001xkp.rcomhost.com\/sitio\/wp-json\/wp\/v2\/comments?post=499"}],"version-history":[{"count":0,"href":"https:\/\/0001xkp.rcomhost.com\/sitio\/wp-json\/wp\/v2\/posts\/499\/revisions"}],"wp:attachment":[{"href":"https:\/\/0001xkp.rcomhost.com\/sitio\/wp-json\/wp\/v2\/media?parent=499"}],"wp:term":[{"taxonomy":"category","embeddable":true,"href":"https:\/\/0001xkp.rcomhost.com\/sitio\/wp-json\/wp\/v2\/categories?post=499"},{"taxonomy":"post_tag","embeddable":true,"href":"https:\/\/0001xkp.rcomhost.com\/sitio\/wp-json\/wp\/v2\/tags?post=499"}],"curies":[{"name":"wp","href":"https:\/\/api.w.org\/{rel}","templated":true}]}}