{"id":474,"date":"2016-02-18T08:24:25","date_gmt":"2016-02-18T14:24:25","guid":{"rendered":"http:\/\/pablogomez.org\/wordpress1\/?p=474"},"modified":"2016-02-18T08:24:25","modified_gmt":"2016-02-18T14:24:25","slug":"francisco-misericordia-pero-tambien-solidaridad","status":"publish","type":"post","link":"https:\/\/0001xkp.rcomhost.com\/sitio\/2016\/02\/18\/francisco-misericordia-pero-tambien-solidaridad\/","title":{"rendered":"Francisco: misericordia pero tambi\u00e9n solidaridad"},"content":{"rendered":"<p>Escribo esta carta abierta a Francisco, pont\u00edfice m\u00e1ximo de la Iglesia Cat\u00f3lica, para exponerle que ning\u00fan pueblo en verdad perdona a sus opresores. Pedir perd\u00f3n como usted recomienda es quiz\u00e1 un refugio del ofensor pero, cuando hubo dolo, jam\u00e1s podr\u00e1 reparar el da\u00f1o y ni siquiera reconfortar al ofendido aunque \u00e9se lo conceda por necesidad, conveniencia o sencilla piedad. Los integrantes de los pueblos originales de Am\u00e9rica han sido v\u00edctimas de cr\u00edmenes y vejaciones durante siglos. No s\u00f3lo sus valores fueron considerados inferiores, como usted ha dicho en Chiapas, sino ante todo ellos han sido tratados como inferiores.<\/p>\n<p>La idea que usted expone de que los integrantes de los pueblos indios han sido excluidos es vieja pero falsea la realidad. En verdad los ind\u00edgenas fueron incorporados desde un principio, su fuerza de trabajo fue usada para cultivar la tierra y producir los alimentos de todos los habitantes, para explotar las canteras, para escavar las minas y extraer los metales, para construir los palacios y las catedrales, entre otras muchas grandes obras. Han creado tambi\u00e9n ciudades o partes de ellas. Siempre han estado incluidos en el sistema socio-econ\u00f3mico, son uno de los segmentos de \u00e9ste. La cuesti\u00f3n ha sido que su lugar es el de los expoliados, explotados, vilipendiados por los opresores de antes y de hoy. De donde s\u00ed se les excluy\u00f3 fue del poder pol\u00edtico, desde la Colonia hasta nuestros d\u00edas.<\/p>\n<p>A la luz de esta parte de la realidad, la misericordia es digna de ser reivindicada dentro del catolicismo como usted lo ha venido haciendo, pero carecer\u00e1 de suficiente fuerza renovadora en tanto no vaya acompa\u00f1ada de la solidaridad. Usted mismo lo ha dicho en Chiapas donde, parafraseando quiz\u00e1 al Popol Vuh o al \u00c9xodo, habl\u00f3 de una tierra donde \u201cla injusticia sea vencida por la solidaridad\u201d. S\u00ed, la misericordia puede reconfortar a muchos y mejorar la actitud del clero pero la solidaridad es indispensable como medio de acci\u00f3n en pos de una obra social. Usted mismo ha rendido homenaje a nuestro querido Samuel Ruiz, quien fue sometido a comparecencias en el Vaticano debido a su solidaridad con los pueblos indios de Chiapas y con otros muchos que luchaban por sus reivindicaciones sociales y su libertad. Usted convoc\u00f3 en Morelia a los sacerdotes a salir a la calle a predicar, lo cual no hacen por lo general, pero tambi\u00e9n creo que usted mismo puede darse cuenta que la pr\u00e9dica tradicional es ya inoperante y que se requieren los instrumentos de la acci\u00f3n solidaria con quienes luchan por cambiar la vida.<\/p>\n<p>La cr\u00edtica que usted hace del clero cat\u00f3lico quiz\u00e1 sea adecuada tal como la expresa.\u00a0 Adem\u00e1s, su rechazo a la corrupci\u00f3n y la violencia es del todo bienvenida por la inmensa mayor\u00eda. Pero sin compromiso solidario todo eso quedar\u00e1 en buenos deseos y grandes discursos. Si el alto clero cat\u00f3lico fuera capaz de jugar un papel nuevo \u00e9se ser\u00eda el de la acci\u00f3n solidaria con quienes luchan por cambiar el mundo de injusticia en el que vivimos. As\u00ed lo hacen, como vemos, no pocos sacerdotes e incluso algunos obispos. Pero ser\u00eda necio negar que otros, los de mayor jerarqu\u00eda, asumen actitudes de simpat\u00eda con el sistema injusto y opresor donde por cierto se origina esa brutal enfermedad mexicana que es la corrupci\u00f3n, la cual pocas veces es levemente criticada por esas jerarqu\u00edas eclesiales que hablan sin autorizaci\u00f3n alguna en nombre de todos los cat\u00f3licos.<\/p>\n<p>Entiendo que su lucha es desigual pero si usted mismo se detiene ante la incomprensi\u00f3n de los suyos, \u00bfqu\u00e9 podemos esperar de muchos otros que no tienen la fuerza moral de un Papa? La obra civilizatoria de nuestros d\u00edas no s\u00f3lo es acabar con las guerras y defender el planeta sino es tambi\u00e9n superar el estado de opresi\u00f3n en el que se encuentra la inmensa mayor\u00eda de la humanidad. Para ello es preciso luchar con los instrumentos de la solidaridad. Una iglesia solidaria ha sido aspiraci\u00f3n de aquellos que desde el sacerdocio nos han mostrado caminos de acci\u00f3n para superar la injusticia y las desigualdades. \u00bfEs imposible una ruptura con todo aquello que impide la acci\u00f3n de una iglesia que busque un futuro mejor? Se dice que el clero no es un partido aunque con frecuencia asume posiciones pol\u00edticas. Pero no es una militancia lo que se espera de los sacerdotes sino la solidaridad con quienes pugnan por la fractura de las estructuras sociales imperantes y el consecuente progreso colectivo. La misericordia sola servir\u00e1 para reconfortar a la gente, para comunicar sentimientos, pero no para cambiar la sociedad injusta.<\/p>\n<p>En discrepancia con usted creo que no es la pobreza una cantera de la violencia criminal sino el resentimiento provocado por la injusticia y la falta de perspectivas ciertas de vida. Sus causas directas son el car\u00e1cter inservible del sistema para superar el atraso social y la desigualdad, y el Estado corrupto que nos agobia, pero tambi\u00e9n la cobard\u00eda para regular lo que hoy est\u00e1 prohibido y, por tanto, ha sido convertido desde el poder en un inmenso negocio de bandas proscritas de narcotraficantes que se reproducen incesantemente ante la inoperancia de los gobiernos en el mundo entero.<\/p>\n<p>Creo que usted dej\u00f3 pasar la oportunidad de tener un di\u00e1logo directo con los padres de los j\u00f3venes desaparecidos de Ayotzinapa. Digo que era una oportunidad porque, aunque se molestara el gobierno mexicano, le hubiera permitido a usted subrayar algo emblem\u00e1tico con pocos precedentes recientes. La tragedia de Iguala fue producto de una acci\u00f3n criminal conjunta de polic\u00eda y delincuentes organizados, es decir, un producto directo del Estado corrupto. La misericordia pudo haberse aqu\u00ed combinado con la solidaridad: fue una oportunidad perdida\u2026 de momento, tal vez.<\/p>\n","protected":false},"excerpt":{"rendered":"<p>Escribo esta carta abierta a Francisco, pont\u00edfice m\u00e1ximo de la Iglesia Cat\u00f3lica, para exponerle que ning\u00fan pueblo en verdad perdona a sus opresores. Pedir perd\u00f3n como usted recomienda es quiz\u00e1 un refugio del ofensor pero, cuando hubo dolo, jam\u00e1s podr\u00e1 reparar el da\u00f1o y ni siquiera reconfortar al ofendido aunque \u00e9se lo conceda por necesidad, [&hellip;]<\/p>\n","protected":false},"author":2,"featured_media":0,"comment_status":"open","ping_status":"closed","sticky":false,"template":"","format":"standard","meta":{"footnotes":""},"categories":[9,25],"tags":[],"class_list":["post-474","post","type-post","status-publish","format-standard","hentry","category-derechos","category-mundo"],"_links":{"self":[{"href":"https:\/\/0001xkp.rcomhost.com\/sitio\/wp-json\/wp\/v2\/posts\/474","targetHints":{"allow":["GET"]}}],"collection":[{"href":"https:\/\/0001xkp.rcomhost.com\/sitio\/wp-json\/wp\/v2\/posts"}],"about":[{"href":"https:\/\/0001xkp.rcomhost.com\/sitio\/wp-json\/wp\/v2\/types\/post"}],"author":[{"embeddable":true,"href":"https:\/\/0001xkp.rcomhost.com\/sitio\/wp-json\/wp\/v2\/users\/2"}],"replies":[{"embeddable":true,"href":"https:\/\/0001xkp.rcomhost.com\/sitio\/wp-json\/wp\/v2\/comments?post=474"}],"version-history":[{"count":0,"href":"https:\/\/0001xkp.rcomhost.com\/sitio\/wp-json\/wp\/v2\/posts\/474\/revisions"}],"wp:attachment":[{"href":"https:\/\/0001xkp.rcomhost.com\/sitio\/wp-json\/wp\/v2\/media?parent=474"}],"wp:term":[{"taxonomy":"category","embeddable":true,"href":"https:\/\/0001xkp.rcomhost.com\/sitio\/wp-json\/wp\/v2\/categories?post=474"},{"taxonomy":"post_tag","embeddable":true,"href":"https:\/\/0001xkp.rcomhost.com\/sitio\/wp-json\/wp\/v2\/tags?post=474"}],"curies":[{"name":"wp","href":"https:\/\/api.w.org\/{rel}","templated":true}]}}