{"id":444,"date":"2015-11-23T16:54:58","date_gmt":"2015-11-23T22:54:58","guid":{"rendered":"http:\/\/pablogomez.org\/wordpress1\/?p=444"},"modified":"2015-11-23T16:54:58","modified_gmt":"2015-11-23T22:54:58","slug":"el-islam-es-terrorista-y-esta-en-guerra-con-occidente","status":"publish","type":"post","link":"https:\/\/0001xkp.rcomhost.com\/sitio\/2015\/11\/23\/el-islam-es-terrorista-y-esta-en-guerra-con-occidente\/","title":{"rendered":"\u00bfEl Islam es terrorista y est\u00e1 en guerra con Occidente?"},"content":{"rendered":"<p><em><strong>Carta abierta e impersonal a Norberto Rivera Carrera<\/strong><\/em><\/p>\n<p>El semanario\u00a0<em>Desde la fe<\/em>, \u00f3rgano de la Arquidi\u00f3cesis Primada de M\u00e9xico, ha publicado un editorial (23.11.2015) titulado \u201cla violencia terrorista del Islam\u201d, en el cual se afirma: \u201c\u2026 nuestro pa\u00eds pertenece cultural e hist\u00f3ricamente a ese Occidente al que el Islam ha declarado la guerra\u201d.<\/p>\n<p>Bajo la conducci\u00f3n de Norberto Rivera Carrera, el arzobispado metropolitano se ha distinguido por brindar opiniones pol\u00e9micas y generar enfrentamientos de contenido pol\u00edtico, pero no hab\u00eda hecho hasta hoy proclama belicista, cuesti\u00f3n por lo dem\u00e1s cuestionable tambi\u00e9n a la luz de postulados contempor\u00e1neos de la iglesia romana. Lo m\u00e1s duro del editorial no consiste en la confrontaci\u00f3n de Rivera con el clero al que pertenece sino con el pa\u00eds del que es ciudadano y con el mundo occidental cualquiera que sea la acepci\u00f3n de Occidente a la que \u00e9l mismo se adhiera.<\/p>\n<p>El Islam no ha declarado ni ha realizado actos de guerra contra Europa Occidental, Estados Unidos y dem\u00e1s pa\u00edses de la misma \u201cpertenencia cultural\u201d. Ni siquiera ha sucedido esto con la otra gran zona cristiana compuesta por los pa\u00edses eslavos, entre otros. Pero, para mayor concreci\u00f3n, \u00bfhay un \u201cverdadero choque de culturas m\u00e1s que de religiones\u201d como suscribe Rivera?<\/p>\n<p>Dentro de la tesis de la \u201cguerra cultural\u201d entre el Islam y Occidente, expuesta atropelladamente por Rivera en su editorial, no existe el menor an\u00e1lisis de la guerra de Siria, de los 200 mil muertos, musulmanes en su inmensa mayor\u00eda, de las intervenciones de las potencias occidentales y de Rusia, as\u00ed como de otros pa\u00edses de mayor\u00eda isl\u00e1mica. Para abordar la \u201cguerra del Islam y Occidente\u201d, Rivera ignora la guerra de verdad, la que ha desangrado a un pa\u00eds entero. Tambi\u00e9n ignora a todo efecto pr\u00e1ctico la acci\u00f3n terrorista y m\u00e1s a\u00fan los efectos de \u00e9sta, las reacciones de varios gobiernos, la suspensi\u00f3n de derechos y libertades, el fomento del racismo y la discriminaci\u00f3n, la desconfianza \u00e9tnica contra los \u00e1rabes, la intensificaci\u00f3n de los bombardeos en Siria, el atentado en la capital de Mal\u00ed.<\/p>\n<p>&nbsp;<\/p>\n<p>Rivera expone entre sus pruebas algo atroz: \u201c\u00bfC\u00f3mo podemos explicar \u2013escribe&#8211; que el Islam no hunde sus ra\u00edces en la violencia cuando vemos que sus l\u00edderes y jefes se deslindan, a rega\u00f1adientes, de esos actos de barbarie diab\u00f3lica, y no se atreven a hacer una condena contundente?\u201d Tenemos un arzobispo que podr\u00eda estar peor que los cruzados de la Edad Media, los cuales al menos reconoc\u00edan la pretensi\u00f3n de enriquecerse como parte de las guerras contra el Islam.<\/p>\n<p>&nbsp;<\/p>\n<p>El arzobispo llega al extremo de echar en cara a los \u201ccinco millones de musulmanes\u201d que viven en Francia el no haber realizado \u201cuna marcha multitudinaria condenando sin regateos el atentado\u201d. Al margen del hecho de que las manifestaciones en Francia est\u00e1n prohibidas al menos por el momento, habr\u00eda que preguntarle a Rivera parafraseando al papa Francisco: \u00bfqui\u00e9n eres t\u00fa para juzgar as\u00ed a esos millones de franceses s\u00f3lo porque su religi\u00f3n no es la tuya?<\/p>\n<p>&nbsp;<\/p>\n<p>Norberto Rivera quiere llevar a M\u00e9xico al odio contra el Islam tomando como un simple pretexto el terrorismo yihadista procedente de Medio Oriente y de Europa misma. Vivimos un mundo ya enloquecido de por s\u00ed como para tener que inventarnos otro peor por consejo de un arzobispo.<\/p>\n<p><em>23.11.2015<\/em><\/p>\n","protected":false},"excerpt":{"rendered":"<p>Carta abierta e impersonal a Norberto Rivera Carrera El semanario\u00a0Desde la fe, \u00f3rgano de la Arquidi\u00f3cesis Primada de M\u00e9xico, ha publicado un editorial (23.11.2015) titulado \u201cla violencia terrorista del Islam\u201d, en el cual se afirma: \u201c\u2026 nuestro pa\u00eds pertenece cultural e hist\u00f3ricamente a ese Occidente al que el Islam ha declarado la guerra\u201d. Bajo la [&hellip;]<\/p>\n","protected":false},"author":2,"featured_media":0,"comment_status":"open","ping_status":"closed","sticky":false,"template":"","format":"standard","meta":{"footnotes":""},"categories":[25,37],"tags":[],"class_list":["post-444","post","type-post","status-publish","format-standard","hentry","category-mundo","category-violencia"],"_links":{"self":[{"href":"https:\/\/0001xkp.rcomhost.com\/sitio\/wp-json\/wp\/v2\/posts\/444","targetHints":{"allow":["GET"]}}],"collection":[{"href":"https:\/\/0001xkp.rcomhost.com\/sitio\/wp-json\/wp\/v2\/posts"}],"about":[{"href":"https:\/\/0001xkp.rcomhost.com\/sitio\/wp-json\/wp\/v2\/types\/post"}],"author":[{"embeddable":true,"href":"https:\/\/0001xkp.rcomhost.com\/sitio\/wp-json\/wp\/v2\/users\/2"}],"replies":[{"embeddable":true,"href":"https:\/\/0001xkp.rcomhost.com\/sitio\/wp-json\/wp\/v2\/comments?post=444"}],"version-history":[{"count":0,"href":"https:\/\/0001xkp.rcomhost.com\/sitio\/wp-json\/wp\/v2\/posts\/444\/revisions"}],"wp:attachment":[{"href":"https:\/\/0001xkp.rcomhost.com\/sitio\/wp-json\/wp\/v2\/media?parent=444"}],"wp:term":[{"taxonomy":"category","embeddable":true,"href":"https:\/\/0001xkp.rcomhost.com\/sitio\/wp-json\/wp\/v2\/categories?post=444"},{"taxonomy":"post_tag","embeddable":true,"href":"https:\/\/0001xkp.rcomhost.com\/sitio\/wp-json\/wp\/v2\/tags?post=444"}],"curies":[{"name":"wp","href":"https:\/\/api.w.org\/{rel}","templated":true}]}}