{"id":414,"date":"2015-09-10T17:52:03","date_gmt":"2015-09-10T22:52:03","guid":{"rendered":"http:\/\/pablogomez.org\/wordpress1\/?p=414"},"modified":"2015-09-10T17:52:03","modified_gmt":"2015-09-10T22:52:03","slug":"iguala-mas-preguntas-que-respuestas","status":"publish","type":"post","link":"https:\/\/0001xkp.rcomhost.com\/sitio\/2015\/09\/10\/iguala-mas-preguntas-que-respuestas\/","title":{"rendered":"Iguala: m\u00e1s preguntas que respuestas"},"content":{"rendered":"<p>Otra vez se abri\u00f3 el debate sobre la tragedia de Iguala. Gracias a los expertos organizados por la Comisi\u00f3n Interamericana de Derechos Humanos, el gobierno ha tenido que admitir que debe seguir investigando todo. La cuesti\u00f3n no s\u00f3lo consiste en lo fr\u00e1gil de la versi\u00f3n de que los 43 estudiantes desaparecidos hayan sido asesinados y cremados en el basurero de Cocula, producto de confesiones de detenidos que no son ya la reina de las pruebas. Tambi\u00e9n existen muchas lagunas, acontecimientos soslayados o de plano ignorados por el Ministerio P\u00fablico.<\/p>\n<p>En el informe presentado por la comisi\u00f3n creada por el PRD para redactar un informe pol\u00edtico sobre Iguala se descalifica la \u201cverdad hist\u00f3rica\u201d de Murillo K\u00e1ram en varios de sus puntos. La versi\u00f3n del basurero de Cocula no es tratado en ese informe porque todos elementos siguen ocultos para el p\u00fablico y s\u00f3lo los pudo consultar el grupo de la CIDH. Pero todo lo dem\u00e1s est\u00e1 mal. El autob\u00fas que dio vuelta a la derecha al salir de la estaci\u00f3n en Iguala. Los autobuses que se siguieron de frente y que fueron atacados por la polic\u00eda municipal. \u00bfPor qu\u00e9? Nada de esto se explica en la \u201cverdad hist\u00f3rica\u201d.<\/p>\n<p>El reporte del PRD tambi\u00e9n recoge las declaraciones de agentes policiales y estudiantes rendidas ante el Ministerio P\u00fablico de Guerrero al d\u00eda siguiente de la tragedia. Ah\u00ed se relatan las agresiones de los polic\u00edas, los muertos, los heridos. Ah\u00ed aparece el bloqueo final de la calle por donde transitaban los autobuses a una cuadra de la salida a la carretera y la lluvia de balas que mataron a varios j\u00f3venes. Ah\u00ed aparecen los militares y los polic\u00edas federales. \u00bfPor qu\u00e9 tanto inter\u00e9s en que no abandonaran Cocula unos autobuses? La PGR no da cuenta de nada de esto.<\/p>\n<p>M\u00e1s que una explicaci\u00f3n sobre los hechos, lo que hizo Murillo en su informe fue un ocultamiento de actos y situaciones. Sobre los militares, el entonces procurador s\u00f3lo dijo que nadie estaba inculpando a los soldados, lo cual era cierto, pero \u00bfpor qu\u00e9 no explic\u00f3 que varios militares salieron de su cuartel y fueron a los lugares de los hechos? A la fecha, el mando del Ej\u00e9rcito no ha querido dar ning\u00fan informe sobre la noche del 26 de septiembre de 2014 y la madrugada del d\u00eda siguiente. Es como si las fuerzas armadas fueran fantasmag\u00f3ricas pues no le rinden cuenta a la sociedad cuando se han atropellado derechos humanos. Al respecto, dice la Constituci\u00f3n que la protecci\u00f3n m\u00e1s amplia corresponde a las personas cuando se deben interpretar los derechos humanos. Hay que poner por delante a la gente y nunca a entes p\u00fablicos o privados. No puede haber protecci\u00f3n a agentes para que no rindan informes castrenses o de seguridad p\u00fablica cuando de por medio est\u00e1n los derechos humanos. Esto no lo quiere entender Pe\u00f1a Nieto, lo cual es condenable.<\/p>\n<p>La autoridad est\u00e1 obligada a averiguar todo y a informar todo. No debe ocultar nada. \u00bfPor qu\u00e9 lo hace? Esta es la pregunta m\u00e1s interesante.<\/p>\n<p>A prop\u00f3sito de los ocultamientos, hay periodistas que les encanta que les oculten informaci\u00f3n y se enfadan cuando alguien dice que la autoridad no ha dicho todo o que lo dicho es err\u00f3neo. Algunos han escrito que el informe de los expertos es falso o probablemente falso, en especial las conclusiones de un especialista en fuegos de apellido Torero. Este perito dijo que no era necesario ir a Cocula pues lo que deb\u00eda analizar estaba en el expediente que le enviaron. Sin embargo, fue, dijo, a corroborar algunos datos. Su conclusi\u00f3n no corresponde con las confesiones de uno o dos detenidos, pero hay periodistas que defienden la prueba confesional y afirman que en Cocula participaron 100 peritos mexicanos que ahora est\u00e1n siendo rebatidos por un solo perito peruano. \u00a1Qu\u00e9 ofensa al pa\u00eds!<\/p>\n","protected":false},"excerpt":{"rendered":"<p>Otra vez se abri\u00f3 el debate sobre la tragedia de Iguala. Gracias a los expertos organizados por la Comisi\u00f3n Interamericana de Derechos Humanos, el gobierno ha tenido que admitir que debe seguir investigando todo. La cuesti\u00f3n no s\u00f3lo consiste en lo fr\u00e1gil de la versi\u00f3n de que los 43 estudiantes desaparecidos hayan sido asesinados y [&hellip;]<\/p>\n","protected":false},"author":2,"featured_media":0,"comment_status":"open","ping_status":"closed","sticky":false,"template":"","format":"standard","meta":{"footnotes":""},"categories":[9,37],"tags":[],"class_list":["post-414","post","type-post","status-publish","format-standard","hentry","category-derechos","category-violencia"],"_links":{"self":[{"href":"https:\/\/0001xkp.rcomhost.com\/sitio\/wp-json\/wp\/v2\/posts\/414","targetHints":{"allow":["GET"]}}],"collection":[{"href":"https:\/\/0001xkp.rcomhost.com\/sitio\/wp-json\/wp\/v2\/posts"}],"about":[{"href":"https:\/\/0001xkp.rcomhost.com\/sitio\/wp-json\/wp\/v2\/types\/post"}],"author":[{"embeddable":true,"href":"https:\/\/0001xkp.rcomhost.com\/sitio\/wp-json\/wp\/v2\/users\/2"}],"replies":[{"embeddable":true,"href":"https:\/\/0001xkp.rcomhost.com\/sitio\/wp-json\/wp\/v2\/comments?post=414"}],"version-history":[{"count":0,"href":"https:\/\/0001xkp.rcomhost.com\/sitio\/wp-json\/wp\/v2\/posts\/414\/revisions"}],"wp:attachment":[{"href":"https:\/\/0001xkp.rcomhost.com\/sitio\/wp-json\/wp\/v2\/media?parent=414"}],"wp:term":[{"taxonomy":"category","embeddable":true,"href":"https:\/\/0001xkp.rcomhost.com\/sitio\/wp-json\/wp\/v2\/categories?post=414"},{"taxonomy":"post_tag","embeddable":true,"href":"https:\/\/0001xkp.rcomhost.com\/sitio\/wp-json\/wp\/v2\/tags?post=414"}],"curies":[{"name":"wp","href":"https:\/\/api.w.org\/{rel}","templated":true}]}}