{"id":338,"date":"2015-02-26T19:27:26","date_gmt":"2015-02-27T01:27:26","guid":{"rendered":"http:\/\/pablogomez.org\/wordpress1\/?p=338"},"modified":"2015-02-26T19:27:26","modified_gmt":"2015-02-27T01:27:26","slug":"la-libertad-de-expresion-es-un-principio","status":"publish","type":"post","link":"https:\/\/0001xkp.rcomhost.com\/sitio\/2015\/02\/26\/la-libertad-de-expresion-es-un-principio\/","title":{"rendered":"La libertad de expresi\u00f3n es un principio"},"content":{"rendered":"<p>La libre manifestaci\u00f3n de las ideas, conocida como libertad de expresi\u00f3n, naci\u00f3 como algo elitista, no democr\u00e1tico, sino enteramente burgu\u00e9s. La inmensa mayor\u00eda de la sociedad que no goza de alg\u00fan medio de comunicaci\u00f3n ha carecido de esa libertad. Sin embargo, la manifestaci\u00f3n libre de ideas se convirti\u00f3 en uno de los bienes pol\u00edticos m\u00e1s preciados en tanto que sin ella no existe la cr\u00edtica. Aunque de manera limitada, las clases y sectores sociales sometidos encontraron las formas de expresar ideas y pasaron a defender la libertad de expresi\u00f3n como algo leg\u00edtimamente suyo aunque s\u00f3lo fuera en los m\u00e1rgenes de la sociedad.<\/p>\n<p>Con el tiempo, la libre manifestaci\u00f3n de las ideas se convirti\u00f3 en un principio: sin ella no hay libertad a secas. Y, luego, se convirti\u00f3 en un derecho humano: decir lo que se piensa es algo irrenunciable.<\/p>\n<p>Sabemos, sin embargo, que la propiedad est\u00e1 por encima de cualquier derecho o principio, lo que la convierte en un freno del progreso de la humanidad. En forma espec\u00edfica, el car\u00e1cter privado de los medios de comunicaci\u00f3n es de por s\u00ed un elemento limitante y monopolizador de la libertad de expresi\u00f3n.<\/p>\n<p>He colaborado en <strong>Milenio<\/strong> desde el primer n\u00famero: 15 a\u00f1os sin faltar una sola semana. Este fue el trato que hice con Carlos Mar\u00edn en la v\u00edspera de la aparici\u00f3n del diario. Lo he cumplido durante esos tres lustros. Por su parte, Carlos Mar\u00edn se comprometi\u00f3 a no censurar mis escritos. Era un trato simple pero justo porque yo no puedo admitir escribir lo que no creo ni dejar de decir lo que pienso. Hoy entrego mi \u00faltima colaboraci\u00f3n a <strong>Milenio<\/strong> porque Carlos Mar\u00edn rompi\u00f3 el trato y procedi\u00f3 a censurar mi art\u00edculo de la semana pasada titulado <em>\u00a1Intocable!, <\/em>en el que se contiene una cr\u00edtica a la sentencia del Tribual Electoral con la cual se mantiene la censura del spot del PRD donde aparec\u00eda la imagen de Joaqu\u00edn L\u00f3pez D\u00f3riga vinculado a la frase de <em>hay cosas que siguen siendo lo mismo<\/em> en referencia al monopolio informativo que ejerce Televisa en la televisi\u00f3n. Carlos Mar\u00edn confirma una de las tesis del art\u00edculo censurado: al menos tambi\u00e9n en <strong>Milenio<\/strong>, L\u00f3pez D\u00f3riga es intocable en tanto representante de Televisa.<\/p>\n<p>El punto no estriba sin embargo en el car\u00e1cter de intocable de L\u00f3pez D\u00f3riga sino en la censura. Para llegar a este punto debi\u00f3 haber motivos demasiado poderosos que yo no puedo ahora comentar, pero que s\u00ed puedo repudiar como promotores de ataques a la siempre defendible libertad de expresi\u00f3n, la cual deber\u00eda ser considerada como uno de los principales estandartes de todo medio informativo dentro del Estado democr\u00e1tico.<\/p>\n<p>Convertida la libre manifestaci\u00f3n de las ideas en una libertad democr\u00e1tica que se consagra como tal a partir de las nuevas t\u00e9cnicas de comunicaci\u00f3n social, elevada a la categor\u00eda de principio y consagrada como derecho humano, no puedo renunciar a ella y, por tanto, la censura que ejerci\u00f3 Carlos Mar\u00edn es inadmisible al grado que implica mi despido como articulista de <strong>Milenio<\/strong>. Se lo he dicho por v\u00eda telef\u00f3nica al mismo Mar\u00edn: <em>me has echado a patadas<\/em>. El trato original fue roto por el director de <strong>Milenio<\/strong> 15 a\u00f1os despu\u00e9s.<\/p>\n","protected":false},"excerpt":{"rendered":"<p>La libre manifestaci\u00f3n de las ideas, conocida como libertad de expresi\u00f3n, naci\u00f3 como algo elitista, no democr\u00e1tico, sino enteramente burgu\u00e9s. La inmensa mayor\u00eda de la sociedad que no goza de alg\u00fan medio de comunicaci\u00f3n ha carecido de esa libertad. Sin embargo, la manifestaci\u00f3n libre de ideas se convirti\u00f3 en uno de los bienes pol\u00edticos m\u00e1s [&hellip;]<\/p>\n","protected":false},"author":2,"featured_media":0,"comment_status":"open","ping_status":"closed","sticky":false,"template":"","format":"standard","meta":{"footnotes":""},"categories":[28],"tags":[],"class_list":["post-338","post","type-post","status-publish","format-standard","hentry","category-politica"],"_links":{"self":[{"href":"https:\/\/0001xkp.rcomhost.com\/sitio\/wp-json\/wp\/v2\/posts\/338","targetHints":{"allow":["GET"]}}],"collection":[{"href":"https:\/\/0001xkp.rcomhost.com\/sitio\/wp-json\/wp\/v2\/posts"}],"about":[{"href":"https:\/\/0001xkp.rcomhost.com\/sitio\/wp-json\/wp\/v2\/types\/post"}],"author":[{"embeddable":true,"href":"https:\/\/0001xkp.rcomhost.com\/sitio\/wp-json\/wp\/v2\/users\/2"}],"replies":[{"embeddable":true,"href":"https:\/\/0001xkp.rcomhost.com\/sitio\/wp-json\/wp\/v2\/comments?post=338"}],"version-history":[{"count":0,"href":"https:\/\/0001xkp.rcomhost.com\/sitio\/wp-json\/wp\/v2\/posts\/338\/revisions"}],"wp:attachment":[{"href":"https:\/\/0001xkp.rcomhost.com\/sitio\/wp-json\/wp\/v2\/media?parent=338"}],"wp:term":[{"taxonomy":"category","embeddable":true,"href":"https:\/\/0001xkp.rcomhost.com\/sitio\/wp-json\/wp\/v2\/categories?post=338"},{"taxonomy":"post_tag","embeddable":true,"href":"https:\/\/0001xkp.rcomhost.com\/sitio\/wp-json\/wp\/v2\/tags?post=338"}],"curies":[{"name":"wp","href":"https:\/\/api.w.org\/{rel}","templated":true}]}}