{"id":141,"date":"2013-07-19T12:27:59","date_gmt":"2013-07-19T17:27:59","guid":{"rendered":"http:\/\/pablogomez.org\/wordpress1\/?p=141"},"modified":"2013-07-19T12:27:59","modified_gmt":"2013-07-19T17:27:59","slug":"desavenencias-en-los-partidos","status":"publish","type":"post","link":"https:\/\/0001xkp.rcomhost.com\/sitio\/2013\/07\/19\/desavenencias-en-los-partidos\/","title":{"rendered":"Desavenencias en los partidos"},"content":{"rendered":"<p style=\"color: #333333;\">Despu\u00e9s de las elecciones locales de 13 entidades, como era de esperarse, han resurgido las desavenencias en los principales partidos de la oposici\u00f3n. Pero no hay debate pol\u00edtico amplio, sino circunscrito al llamado Pacto por M\u00e9xico.<\/p>\n<p style=\"color: #333333;\">En efecto, el gobierno incumpli\u00f3 y sigue incumpliendo el\u00a0<em>adendo<\/em>\u00a0del Pacto, con lo cual asume la responsabilidad del hundimiento de \u00e9ste, ya que quien no respeta lo firmado no puede aspirar a seguir signando ileg\u00edtimos documentos con sus interlocutores. Pero, m\u00e1s all\u00e1 de las inconsecuencias gubernamentales, el debate sobre la validez del instrumento llamado Pacto sigue siendo actual.<\/p>\n<p style=\"color: #333333;\">El Pacto no es un acuerdo de gobierno y ni siquiera legislativo. Es un mecanismo de negociaci\u00f3n pol\u00edtica, el cual no se puede llevar a cabo en el Congreso, como ya se ha visto. La llamada par\u00e1lisis legislativa es un fen\u00f3meno recrudecido, pues las c\u00e1maras no se han puesto de acuerdo en temas muy importantes tales como la r\u00e9plica, el fuero, la publicidad gubernamental, la ley de sueldos y un largo etc\u00e9tera. Hay m\u00e1s de cien minutas congeladas, lo cual es inconstitucional.<\/p>\n<p style=\"color: #333333;\">Esa par\u00e1lisis tiene su causa en la situaci\u00f3n de los partidos, no s\u00f3lo en los de oposici\u00f3n, sino tambi\u00e9n en el gubernamental. Ninguno tiene una direcci\u00f3n con firme liderazgo dentro y fuera del Congreso. El PRI sigue bajo los designios de sus gobernadores, como antes. El PAN se ha seccionado dentro y fuera de las c\u00e1maras. El PRD no ha podido llegar a una propuesta pol\u00edtica nacional \u00fanica y a un acuerdo sobre sus m\u00e9todos internos.<\/p>\n<p style=\"color: #333333;\">El Pacto es un esfuerzo por llegar a acuerdos pol\u00edticos, aunque sin la menor garant\u00eda de que \u00e9stos se produzcan. Pero la izquierda no puede ser una fuerza que avance por dar la espalda al di\u00e1logo que siempre ha exigido. Quienes se han negado a ordenar la lucha pol\u00edtica mediante el debate, los desacuerdos y los acuerdos abiertos y dignos han sido justamente los gobernantes priistas y panistas. La lucha entre partidos no tiene por qu\u00e9 llevarse con acuerdos poco claros. En este a\u00f1o, la oposici\u00f3n ha seguido si\u00e9ndolo con sus propias limitaciones e incapacidades sin que estorbe en absoluto ese listado de temas y esa mesa inestable de negociaciones a la que le llaman Pacto por M\u00e9xico. Hallar en \u00e9ste la causa de los fracasos es pura pereza intelectual o franco inter\u00e9s en tomarse la direcci\u00f3n partidista, m\u00e1s a\u00fan cuando sus impugnadores estar\u00edan en la misma mesa que critican si fueran los dirigentes de sus respectivos partidos. Cordero, de plano, se confes\u00f3 al declarar que su proyecto de reforma pol\u00edtica ser\u00e1 enviado a Pe\u00f1a Nieto. Cualquiera dir\u00eda que es mejor una mesa formal de negociaci\u00f3n que unas peticiones epistolares al Ejecutivo.<\/p>\n<p style=\"color: #333333;\">No es exagerado decir que sin el Pacto no hubiera sido posible aprobar en el Congreso la reforma de telecomunicaciones.<\/p>\n<p style=\"color: #333333;\">El Pacto puede hacer agua, pero que sea por indolencia del gobierno y el desconocimiento de la firma propia por parte de Pe\u00f1a Nieto, sin que la oposici\u00f3n tenga ahora que asumir el boicot al di\u00e1logo pol\u00edtico de manera oscura, es decir, sin reconocer a las claras que tal di\u00e1logo no es fruct\u00edfero, hoy y aqu\u00ed, en el Congreso. La mesa del Pacto puede suspenderse cualquier d\u00eda ante desacuerdos insalvables \u2014como el tema petrolero\u2014, pero entonces tendr\u00eda que saberse la causa de inter\u00e9s nacional y social que estuviera impidiendo el di\u00e1logo entre oposici\u00f3n y gobierno. Esa ser\u00eda otra historia.<\/p>\n","protected":false},"excerpt":{"rendered":"<p>Despu\u00e9s de las elecciones locales de 13 entidades, como era de esperarse, han resurgido las desavenencias en los principales partidos de la oposici\u00f3n. Pero no hay debate pol\u00edtico amplio, sino circunscrito al llamado Pacto por M\u00e9xico. En efecto, el gobierno incumpli\u00f3 y sigue incumpliendo el\u00a0adendo\u00a0del Pacto, con lo cual asume la responsabilidad del hundimiento de [&hellip;]<\/p>\n","protected":false},"author":2,"featured_media":0,"comment_status":"closed","ping_status":"closed","sticky":false,"template":"","format":"standard","meta":{"footnotes":""},"categories":[28],"tags":[],"class_list":["post-141","post","type-post","status-publish","format-standard","hentry","category-politica"],"_links":{"self":[{"href":"https:\/\/0001xkp.rcomhost.com\/sitio\/wp-json\/wp\/v2\/posts\/141","targetHints":{"allow":["GET"]}}],"collection":[{"href":"https:\/\/0001xkp.rcomhost.com\/sitio\/wp-json\/wp\/v2\/posts"}],"about":[{"href":"https:\/\/0001xkp.rcomhost.com\/sitio\/wp-json\/wp\/v2\/types\/post"}],"author":[{"embeddable":true,"href":"https:\/\/0001xkp.rcomhost.com\/sitio\/wp-json\/wp\/v2\/users\/2"}],"replies":[{"embeddable":true,"href":"https:\/\/0001xkp.rcomhost.com\/sitio\/wp-json\/wp\/v2\/comments?post=141"}],"version-history":[{"count":0,"href":"https:\/\/0001xkp.rcomhost.com\/sitio\/wp-json\/wp\/v2\/posts\/141\/revisions"}],"wp:attachment":[{"href":"https:\/\/0001xkp.rcomhost.com\/sitio\/wp-json\/wp\/v2\/media?parent=141"}],"wp:term":[{"taxonomy":"category","embeddable":true,"href":"https:\/\/0001xkp.rcomhost.com\/sitio\/wp-json\/wp\/v2\/categories?post=141"},{"taxonomy":"post_tag","embeddable":true,"href":"https:\/\/0001xkp.rcomhost.com\/sitio\/wp-json\/wp\/v2\/tags?post=141"}],"curies":[{"name":"wp","href":"https:\/\/api.w.org\/{rel}","templated":true}]}}